{"id":3641,"date":"2026-09-02T14:16:21","date_gmt":"2026-09-02T12:16:21","guid":{"rendered":"https:\/\/zasp.pl\/wroclaw\/?p=3641"},"modified":"2026-09-02T14:16:21","modified_gmt":"2026-09-02T12:16:21","slug":"jubileusz-pracy-artystycznej-idy-tamary-zagorskiej-12-09-2026-r-godz-18-00-w-lubinie","status":"publish","type":"post","link":"https:\/\/zasp.pl\/wroclaw\/2026\/09\/02\/jubileusz-pracy-artystycznej-idy-tamary-zagorskiej-12-09-2026-r-godz-18-00-w-lubinie\/","title":{"rendered":"Jubileusz pracy artystycznej Idy Tamary Zag\u00f3rskiej \/ 12.09.2026 r. godz. 18.00 w Lubinie"},"content":{"rendered":"<p>Uprzejmie informujemy za nasza Kole\u017canka Ida Tamara Zag\u00f3rska b\u0119dzie obchodzi\u0142a jubileusz pracy artystycznej.<br \/>\nWydarzenie odb\u0119dzie si\u0119 w Restauracji Muza w Lubinie w dn. 12 wrze\u015bnia 2026 r. o godz. 18.00.<br \/>\nJubilatka zosta\u0142a uhonorowana &#8222;Medale za Zas\u0142ugi dla Gminy Szprotawa&#8221;. GRATULUJEMY.<br \/>\nSerdecznie Kole\u017cance dzi\u0119kujemy za zaproszenie i \u017cyczymy jeszcze wielu lat dzia\u0142alno\u015b\u0107 na rzecz krzewienia kultury.<br \/>\nW imieniu Jubilatki serdecznie zapraszamy!<\/p>\n<div id='gallery-1' class='gallery galleryid-3641 gallery-columns-1 gallery-size-large'><figure class='gallery-item'>\n\t\t\t<div class='gallery-icon portrait'>\n\t\t\t\t<a href='https:\/\/zasp.pl\/wroclaw\/2026\/09\/02\/jubileusz-pracy-artystycznej-idy-tamary-zagorskiej-12-09-2026-r-godz-18-00-w-lubinie\/2026-09-12-jubileusz-zagorska-ida-1\/'><img fetchpriority=\"high\" decoding=\"async\" width=\"724\" height=\"1024\" src=\"https:\/\/zasp.pl\/wroclaw\/wp-content\/uploads\/2026\/09\/2026.09.12-Jubileusz-Zagorska-Ida-1-724x1024.jpg\" class=\"attachment-large size-large\" alt=\"\" srcset=\"https:\/\/zasp.pl\/wroclaw\/wp-content\/uploads\/2026\/09\/2026.09.12-Jubileusz-Zagorska-Ida-1-724x1024.jpg 724w, https:\/\/zasp.pl\/wroclaw\/wp-content\/uploads\/2026\/09\/2026.09.12-Jubileusz-Zagorska-Ida-1-212x300.jpg 212w, https:\/\/zasp.pl\/wroclaw\/wp-content\/uploads\/2026\/09\/2026.09.12-Jubileusz-Zagorska-Ida-1-768x1086.jpg 768w, https:\/\/zasp.pl\/wroclaw\/wp-content\/uploads\/2026\/09\/2026.09.12-Jubileusz-Zagorska-Ida-1-1086x1536.jpg 1086w, https:\/\/zasp.pl\/wroclaw\/wp-content\/uploads\/2026\/09\/2026.09.12-Jubileusz-Zagorska-Ida-1.jpg 1107w\" sizes=\"(max-width: 724px) 100vw, 724px\" \/><\/a>\n\t\t\t<\/div><\/figure><figure class='gallery-item'>\n\t\t\t<div class='gallery-icon portrait'>\n\t\t\t\t<a href='https:\/\/zasp.pl\/wroclaw\/2026\/09\/02\/jubileusz-pracy-artystycznej-idy-tamary-zagorskiej-12-09-2026-r-godz-18-00-w-lubinie\/2026-09-12-jubileusz-zagorska-ida\/'><img decoding=\"async\" width=\"800\" height=\"934\" src=\"https:\/\/zasp.pl\/wroclaw\/wp-content\/uploads\/2026\/09\/2026.09.12-Jubileusz-Zagorska-Ida-877x1024.jpg\" class=\"attachment-large size-large\" alt=\"\" srcset=\"https:\/\/zasp.pl\/wroclaw\/wp-content\/uploads\/2026\/09\/2026.09.12-Jubileusz-Zagorska-Ida-877x1024.jpg 877w, https:\/\/zasp.pl\/wroclaw\/wp-content\/uploads\/2026\/09\/2026.09.12-Jubileusz-Zagorska-Ida-257x300.jpg 257w, https:\/\/zasp.pl\/wroclaw\/wp-content\/uploads\/2026\/09\/2026.09.12-Jubileusz-Zagorska-Ida-768x897.jpg 768w, https:\/\/zasp.pl\/wroclaw\/wp-content\/uploads\/2026\/09\/2026.09.12-Jubileusz-Zagorska-Ida.jpg 1096w\" sizes=\"(max-width: 800px) 100vw, 800px\" \/><\/a>\n\t\t\t<\/div><\/figure>\n\t\t<\/div>\n\n","protected":false},"excerpt":{"rendered":"<p>Uprzejmie informujemy za nasza Kole\u017canka Ida Tamara Zag\u00f3rska b\u0119dzie obchodzi\u0142a jubileusz pracy artystycznej. Wydarzenie odb\u0119dzie si\u0119 w Restauracji Muza w Lubinie w dn. 12 wrze\u015bnia 2026 r. o godz. 18.00. Jubilatka zosta\u0142a uhonorowana &#8222;Medale za Zas\u0142ugi dla Gminy Szprotawa&#8221;. GRATULUJEMY. Serdecznie Kole\u017cance dzi\u0119kujemy za zaproszenie i \u017cyczymy jeszcze wielu lat dzia\u0142alno\u015b\u0107 na rzecz krzewienia kultury. [&hellip;]<\/p>\n","protected":false},"author":2,"featured_media":3642,"comment_status":"open","ping_status":"closed","sticky":false,"template":"","format":"standard","meta":{"_acf_changed":false,"_exactmetrics_skip_tracking":false,"footnotes":""},"categories":[10],"tags":[],"class_list":["post-3641","post","type-post","status-publish","format-standard","has-post-thumbnail","hentry","category-aktualnosci"],"acf":[],"_links":{"self":[{"href":"https:\/\/zasp.pl\/wroclaw\/wp-json\/wp\/v2\/posts\/3641","targetHints":{"allow":["GET"]}}],"collection":[{"href":"https:\/\/zasp.pl\/wroclaw\/wp-json\/wp\/v2\/posts"}],"about":[{"href":"https:\/\/zasp.pl\/wroclaw\/wp-json\/wp\/v2\/types\/post"}],"author":[{"embeddable":true,"href":"https:\/\/zasp.pl\/wroclaw\/wp-json\/wp\/v2\/users\/2"}],"replies":[{"embeddable":true,"href":"https:\/\/zasp.pl\/wroclaw\/wp-json\/wp\/v2\/comments?post=3641"}],"version-history":[{"count":1,"href":"https:\/\/zasp.pl\/wroclaw\/wp-json\/wp\/v2\/posts\/3641\/revisions"}],"predecessor-version":[{"id":3645,"href":"https:\/\/zasp.pl\/wroclaw\/wp-json\/wp\/v2\/posts\/3641\/revisions\/3645"}],"wp:featuredmedia":[{"embeddable":true,"href":"https:\/\/zasp.pl\/wroclaw\/wp-json\/wp\/v2\/media\/3642"}],"wp:attachment":[{"href":"https:\/\/zasp.pl\/wroclaw\/wp-json\/wp\/v2\/media?parent=3641"}],"wp:term":[{"taxonomy":"category","embeddable":true,"href":"https:\/\/zasp.pl\/wroclaw\/wp-json\/wp\/v2\/categories?post=3641"},{"taxonomy":"post_tag","embeddable":true,"href":"https:\/\/zasp.pl\/wroclaw\/wp-json\/wp\/v2\/tags?post=3641"}],"curies":[{"name":"wp","href":"https:\/\/api.w.org\/{rel}","templated":true}]}}