{"id":3477,"date":"2026-04-30T14:31:46","date_gmt":"2026-04-30T12:31:46","guid":{"rendered":"https:\/\/zasp.pl\/wroclaw\/?p=3477"},"modified":"2026-04-30T14:32:07","modified_gmt":"2026-04-30T12:32:07","slug":"07-05-2026-r-pogrzeb-sp-kolegi-jerzego-malota-na-cmentarzu-komunalnym-osobowice","status":"publish","type":"post","link":"https:\/\/zasp.pl\/wroclaw\/2026\/04\/30\/07-05-2026-r-pogrzeb-sp-kolegi-jerzego-malota-na-cmentarzu-komunalnym-osobowice\/","title":{"rendered":"07.05.2026 r. &#8211; pogrzeb \u015bp. Kolegi Jerzego Malota na cmentarzu komunalnym Osobowice"},"content":{"rendered":"<div class=\"xdj266r x14z9mp xat24cr x1lziwak x1vvkbs x126k92a\">\n<div dir=\"auto\">Szanowni Kole\u017canki i Koledzy, ZASP Oddz. we Wroc\u0142awiu przekazuje bardzo smutn\u0105 wiadomo\u015b\u0107. Wczoraj (29.04.2026 r.) o godz. 21.30 zmar\u0142 w hospicjum w \u015arodzie \u015al\u0105skiej nasz Kolega JERZY MALOTA.<\/div>\n<div dir=\"auto\"><\/div>\n<div dir=\"auto\"><strong>Ceremonia pogrzebowa rozpocznie si\u0119 konduktem od kaplicy na cmentarzu komunalnym Osobowice dnia 07.05.2026 r. (czwartek) o godz.<\/strong> <strong>10.40, po kt\u00f3rym nast\u0105pi uroczysto\u015b\u0107 z\u0142o\u017cenia proch\u00f3w \u015bp. Kolegi Jerzego na miejscu wiecznego spoczynku.<\/strong><\/div>\n<div dir=\"auto\"><\/div>\n<\/div>\n<div class=\"x14z9mp xat24cr x1lziwak x1vvkbs xtlvy1s x126k92a\">\n<div dir=\"auto\">Biogram________________________________________________________<\/div>\n<div dir=\"auto\">Jerzy Malota (ur. 8 stycznia 1941 w Krakowie) \u2013 polski piosenkarz popowy, autor test\u00f3w piosenek.<\/div>\n<\/div>\n<div class=\"x14z9mp xat24cr x1lziwak x1vvkbs xtlvy1s x126k92a\">\n<div dir=\"auto\">\u017byciorys<\/div>\n<div dir=\"auto\">Na scenie og\u00f3lnopolskiej wokalista pojawi\u0142 si\u0119 na prze\u0142omie czerwca i lipca 1962 roku, wyst\u0119puj\u0105c na I Festiwalu M\u0142odych Talent\u00f3w w Szczecinie i znajduj\u0105c si\u0119 w \u201eZ\u0142otej Dziesi\u0105tce\u201d laureat\u00f3w, obok m.in. Czes\u0142awa Niemena, Karin Stanek, czy Heleny Majdaniec. W konkursie tej imprezy wykona\u0142 piosenki: W\u0119drowne ptaki (w rytmie slow rocka i z w\u0142asnym tekstem), opart\u0105 na motywach muzyki do baletu Piotra Czajkowskiego Jezioro \u0142ab\u0119dzie (nagranie tego utworu z koncertu laureat\u00f3w spoczywa w archiwum radiowym)) i standard jazzowy, zatytu\u0142owany Lullaby of Birdland. Po tym sukcesie piosenkarz, wraz z innymi zwyci\u0119zcami festiwalu, odby\u0142 dwumiesi\u0119czn\u0105 tras\u0119 koncertow\u0105 z zespo\u0142em Czerwono-Czarni, za\u015b w pa\u017adzierniku 1962 roku do\u0142\u0105czy\u0142 do zespo\u0142u Luxemburg Combo, gdzie solistami byli tak\u017ce tak\u017ce: Anna Cewe, S\u0142awa Miko\u0142ajczyk, Toni Keczer, Janusz Godlewski i J\u00f3zef Ledecki. Wzi\u0105\u0142 udzia\u0142 w czterech Krajowych Festiwalach Polskiej Piosenki w Opolu, w tym w I KFPP w Opolu w 1963 roku. Po rozpadzie zespo\u0142u Luxemburg Combo w sierpniu 1963 roku, gdy z grup\u0105 rozsta\u0142 si\u0119 Zbigniew Podgajny, wraz z T. Keczerem na kr\u00f3tko do\u0142\u0105czy\u0142 do szczeci\u0144skich Temperament\u00f3w.<\/div>\n<\/div>\n<div class=\"x14z9mp xat24cr x1lziwak x1vvkbs xtlvy1s x126k92a\">\n<div dir=\"auto\">Z ko\u0144cem 1963 r. wzi\u0105\u0142 udzia\u0142 w kr\u00f3tkotrwa\u0142ej reaktywacji grupy, lecz jego wyst\u0119py ogranicza\u0142y si\u0119 teraz praktycznie do Cz\u0119stochowy, a definitywny koniec Luxemburg Combo nast\u0105pi\u0142 po kilku miesi\u0105cach. Wsp\u00f3\u0142praca ta zosta\u0142a zwie\u0144czona dwoma nagraniami radiowymi: Poluszko, pole i Co m\u00f3wi wiatr. W latach 1964\u20131968 wokalista wsp\u00f3\u0142pracowa\u0142 z zespo\u0142ami wroc\u0142awskiego pianisty jazzowego Tadeusza \u201eErrolla\u201d Kosi\u0144skiego, z grup\u0105 Czarne Koty pod kier. tr\u0119bacza Piotra Kotta i p\u00f3\u0142 roku wyst\u0119powa\u0142 z zespo\u0142em Miros\u0142awa W\u00f3jcika, by\u0142ego saksofonisty Czerwono-Czarnych. Solistami byli tam tak\u017ce: Hanna Rek, Bogus\u0142aw Wyrobek, wyst\u0119powa\u0142 tam r\u00f3wnie\u017c czechos\u0142owacki Teatr Cieni \u2013 Cerne Divadlo. W tym okresie piosenkarz wyst\u0105pi\u0142 w ok. 20 programach telewizyjnych w kraju (w 1965 roku na potrzeby audycji Janusza Rzeszewskiego, nagra\u0142 z Orkiestr\u0105 TVP Katowice pod dyr. Ireneusza Wikarka piosenk\u0119 pt. Tam, gdzie chodzi wicher spa\u0107, oraz w inny krajach Bloku wschodniego (tzw. Interwizja).<\/div>\n<\/div>\n<div class=\"x14z9mp xat24cr x1lziwak x1vvkbs xtlvy1s x126k92a\">\n<div dir=\"auto\">W 1968 roku zwi\u0105za\u0142 si\u0119 z zespo\u0142em Bez Atu, kt\u00f3ry towarzyszy\u0142 na estradzie m.in. Filipinkom. Wokalista wyst\u0119powa\u0142 razem z t\u0105 \u017ce\u0144sk\u0105 grupa wokaln\u0105 we wsp\u00f3lnych programach estradowych w kraju i za granic\u0105, a tak\u017ce nagra\u0142 p\u0142yt\u0119 czw\u00f3rk\u0119 Bez Atu (Pronit N 0573). J. Malota jest autorem tekst\u00f3w wielu piosenek, kt\u00f3re pisa\u0142 pod pseudonimem Marek Kilarski. Napisa\u0142 dla Filipinek s\u0142owa do utwor\u00f3w Nie wierz ch\u0142opcom, On jest tu, Pali si\u0119, moja panienko i To my nieznajomi, kt\u00f3re wykonywa\u0142 wraz z nimi i z grup\u0105 Bez Atu z kt\u00f3r\u0105 z wsp\u00f3\u0142pracowa\u0142 (z przerwami) do 1981 roku. Po zako\u0144czeniu wsp\u00f3\u0142pracy z Filipinkami, zesp\u00f3\u0142 przygotowa\u0142 widowisko muzyczne pt. Sen o Szpadzie i Chlebie, gdzie partie wokalne, piosenkarz dzieli\u0142 z Danut\u0105 Bogaczyk, Danuta Majewsk\u0105 i Roman Remelski. W drugiej cz\u0119\u015bci programu do\u0142\u0105czali kolejni wykonawcy, m.in.: Joanna Rawik, Wanda Pola\u0144ska, Gra\u017cyna Brodzi\u0144ska, Mieczys\u0142aw Czechowicz, Marek Perepeczko, Ewa \u015anie\u017canka i inni. Widowisko prezentowano ponad 800 razy.<\/div>\n<\/div>\n<div class=\"x14z9mp xat24cr x1lziwak x1vvkbs xtlvy1s x126k92a\">\n<div dir=\"auto\">W latach 1975\u20131976 piosenkarz wyst\u0119powa\u0142 w lokalach w Skandynawii z zespo\u0142em Leszka Dudziaka, brata Urszuli Dudziak. W 1978 roku z grup\u0105 Bez Atu zarejestrowa\u0142 kolejne piosenki, a by\u0142y to: Daleko st\u0105d i Gdzie szumi wielki las[1]. W 1979 roku nagra\u0142 z Orkiestr\u0105 Bogus\u0142awa Klimczuka kolejne dwie piosenki: Dok\u0105d mam i\u015b\u0107 i Zza siedmiu wspomnie\u0144. W roku 1980, wokalista przez rok koncertowa\u0142 z zespo\u0142em Bez Atu w Stanach Zjednoczonych, wyst\u0119puj\u0105c w klubach polonijnych w Chicago i Nowym Jorku, gdzie jako gwiazdy wieczoru wyst\u0119powali: Czes\u0142aw Niemen, Maryla Rodowicz i Krzysztof Krawczyk.<\/div>\n<\/div>\n<div class=\"x14z9mp xat24cr x1lziwak x1vvkbs xtlvy1s x126k92a\">\n<div dir=\"auto\">\n<p>\u0179r\u00f3d\u0142o: <span class=\"html-span xdj266r x14z9mp xat24cr x1lziwak xexx8yu xyri2b x18d9i69 x1c1uobl x1hl2dhg x16tdsg8 x1vvkbs\"><a class=\"x1i10hfl xjbqb8w x1ejq31n x18oe1m7 x1sy0etr xstzfhl x972fbf x10w94by x1qhh985 x14e42zd x9f619 x1ypdohk xt0psk2 x3ct3a4 xdj266r x14z9mp xat24cr x1lziwak xexx8yu xyri2b x18d9i69 x1c1uobl x16tdsg8 x1hl2dhg xggy1nq x1a2a7pz xkrqix3 x1sur9pj x1fey0fg x1s688f\" tabindex=\"0\" role=\"link\" href=\"https:\/\/l.facebook.com\/l.php?u=https%3A%2F%2Fpl.wikipedia.org%2Fwiki%2FJerzy_Malota%3Ffbclid%3DIwZXh0bgNhZW0CMTAAc3J0YwZhcHBfaWQQMjIyMDM5MTc4ODIwMDg5MgABHhIvzy4PzTeTV20SJDpIn8V-xHwls-vzlfwDnw6xt9kVTRUFXVnieKPIBkfx_aem_DxaDyHHzT3q49CA7FjrYsQ&amp;h=AT6vevzQxqv_1RjNpxeLbqg2xGgiNEhwUsulODAYus64tSNkWO-19OHepuYMS1t4y-KFQi3n6yUUdpCylHLFlevJLhc57Iq6j0orAQwvihzkawCrY13Q_Eqhz5xeo2G7OMXaeQi46lxnsSLx7g&amp;__tn__=-UK-R&amp;c[0]=AT7eLGClPjXf_kUKH-ryYGo-_lcaFCS-UsOTOjEx9zU1YPpMFT1wIoULmf2sS7o4akZaZIUl-wu4H-J9XeQr7MsTH0tnp05GOv-r_UjKfnmgVzyP4hsn3MWdKCxxbWytgCAgXb4bewkvA6NlnScP558WzQ\" target=\"_blank\" rel=\"nofollow noopener noreferrer\">https:\/\/pl.wikipedia.org\/wiki\/Jerzy_Malota<\/a><\/span><\/p>\n<div>\n<div id=\"0DE9E47C-871A-4F90-8440-B190C216800A_1\" class=\"mcafee_green\" tabindex=\"0\"><\/div>\n<\/div>\n<\/div>\n<\/div>\n<div dir=\"auto\">\n<div id='gallery-1' class='gallery galleryid-3477 gallery-columns-1 gallery-size-large'><figure class='gallery-item'>\n\t\t\t<div class='gallery-icon landscape'>\n\t\t\t\t<a href='https:\/\/zasp.pl\/wroclaw\/2026\/04\/30\/07-05-2026-r-pogrzeb-sp-kolegi-jerzego-malota-na-cmentarzu-komunalnym-osobowice\/684915214_122266298150155382_8829289870933538500_n\/'><img fetchpriority=\"high\" decoding=\"async\" width=\"800\" height=\"700\" src=\"https:\/\/zasp.pl\/wroclaw\/wp-content\/uploads\/2026\/04\/684915214_122266298150155382_8829289870933538500_n-1024x896.jpg\" class=\"attachment-large size-large\" alt=\"\" srcset=\"https:\/\/zasp.pl\/wroclaw\/wp-content\/uploads\/2026\/04\/684915214_122266298150155382_8829289870933538500_n-1024x896.jpg 1024w, https:\/\/zasp.pl\/wroclaw\/wp-content\/uploads\/2026\/04\/684915214_122266298150155382_8829289870933538500_n-300x262.jpg 300w, https:\/\/zasp.pl\/wroclaw\/wp-content\/uploads\/2026\/04\/684915214_122266298150155382_8829289870933538500_n-768x672.jpg 768w, https:\/\/zasp.pl\/wroclaw\/wp-content\/uploads\/2026\/04\/684915214_122266298150155382_8829289870933538500_n.jpg 1279w\" sizes=\"(max-width: 800px) 100vw, 800px\" \/><\/a>\n\t\t\t<\/div><\/figure><figure class='gallery-item'>\n\t\t\t<div class='gallery-icon portrait'>\n\t\t\t\t<a href='https:\/\/zasp.pl\/wroclaw\/2026\/04\/30\/07-05-2026-r-pogrzeb-sp-kolegi-jerzego-malota-na-cmentarzu-komunalnym-osobowice\/684992626_122266286396155382_8746405961709850490_n\/'><img decoding=\"async\" width=\"725\" height=\"1024\" src=\"https:\/\/zasp.pl\/wroclaw\/wp-content\/uploads\/2026\/04\/684992626_122266286396155382_8746405961709850490_n-725x1024.jpg\" class=\"attachment-large size-large\" alt=\"\" srcset=\"https:\/\/zasp.pl\/wroclaw\/wp-content\/uploads\/2026\/04\/684992626_122266286396155382_8746405961709850490_n-725x1024.jpg 725w, https:\/\/zasp.pl\/wroclaw\/wp-content\/uploads\/2026\/04\/684992626_122266286396155382_8746405961709850490_n-212x300.jpg 212w, https:\/\/zasp.pl\/wroclaw\/wp-content\/uploads\/2026\/04\/684992626_122266286396155382_8746405961709850490_n.jpg 755w\" sizes=\"(max-width: 725px) 100vw, 725px\" \/><\/a>\n\t\t\t<\/div><\/figure>\n\t\t<\/div>\n\n<\/div>\n","protected":false},"excerpt":{"rendered":"<p>Szanowni Kole\u017canki i Koledzy, ZASP Oddz. we Wroc\u0142awiu przekazuje bardzo smutn\u0105 wiadomo\u015b\u0107. Wczoraj (29.04.2026 r.) o godz. 21.30 zmar\u0142 w hospicjum w \u015arodzie \u015al\u0105skiej nasz Kolega JERZY MALOTA. Ceremonia pogrzebowa rozpocznie si\u0119 konduktem od kaplicy na cmentarzu komunalnym Osobowice dnia 07.05.2026 r. (czwartek) o godz. 10.40, po kt\u00f3rym nast\u0105pi uroczysto\u015b\u0107 z\u0142o\u017cenia proch\u00f3w \u015bp. Kolegi Jerzego [&hellip;]<\/p>\n","protected":false},"author":2,"featured_media":3479,"comment_status":"open","ping_status":"closed","sticky":false,"template":"","format":"standard","meta":{"_acf_changed":false,"_exactmetrics_skip_tracking":false,"_exactmetrics_sitenote_active":false,"_exactmetrics_sitenote_note":"","_exactmetrics_sitenote_category":0,"footnotes":""},"categories":[10],"tags":[],"class_list":["post-3477","post","type-post","status-publish","format-standard","has-post-thumbnail","hentry","category-aktualnosci"],"acf":[],"_links":{"self":[{"href":"https:\/\/zasp.pl\/wroclaw\/wp-json\/wp\/v2\/posts\/3477","targetHints":{"allow":["GET"]}}],"collection":[{"href":"https:\/\/zasp.pl\/wroclaw\/wp-json\/wp\/v2\/posts"}],"about":[{"href":"https:\/\/zasp.pl\/wroclaw\/wp-json\/wp\/v2\/types\/post"}],"author":[{"embeddable":true,"href":"https:\/\/zasp.pl\/wroclaw\/wp-json\/wp\/v2\/users\/2"}],"replies":[{"embeddable":true,"href":"https:\/\/zasp.pl\/wroclaw\/wp-json\/wp\/v2\/comments?post=3477"}],"version-history":[{"count":2,"href":"https:\/\/zasp.pl\/wroclaw\/wp-json\/wp\/v2\/posts\/3477\/revisions"}],"predecessor-version":[{"id":3482,"href":"https:\/\/zasp.pl\/wroclaw\/wp-json\/wp\/v2\/posts\/3477\/revisions\/3482"}],"wp:featuredmedia":[{"embeddable":true,"href":"https:\/\/zasp.pl\/wroclaw\/wp-json\/wp\/v2\/media\/3479"}],"wp:attachment":[{"href":"https:\/\/zasp.pl\/wroclaw\/wp-json\/wp\/v2\/media?parent=3477"}],"wp:term":[{"taxonomy":"category","embeddable":true,"href":"https:\/\/zasp.pl\/wroclaw\/wp-json\/wp\/v2\/categories?post=3477"},{"taxonomy":"post_tag","embeddable":true,"href":"https:\/\/zasp.pl\/wroclaw\/wp-json\/wp\/v2\/tags?post=3477"}],"curies":[{"name":"wp","href":"https:\/\/api.w.org\/{rel}","templated":true}]}}