{"id":3471,"date":"2026-04-27T21:13:55","date_gmt":"2026-04-27T19:13:55","guid":{"rendered":"https:\/\/zasp.pl\/wroclaw\/?p=3471"},"modified":"2026-04-28T15:47:17","modified_gmt":"2026-04-28T13:47:17","slug":"15-05-2026-r-posiedzenie-zarzadu-oddzialu-zasp-we-wroclawiu","status":"publish","type":"post","link":"https:\/\/zasp.pl\/wroclaw\/2026\/04\/27\/15-05-2026-r-posiedzenie-zarzadu-oddzialu-zasp-we-wroclawiu\/","title":{"rendered":"15.05.2026 r. &#8211; POSIEDZENIE ZARZ\u0104DU ODDZIA\u0141U ZASP WE WROC\u0141AWIU"},"content":{"rendered":"<p>Serdecznie zapraszam Cz\u0142onk\u00f3w Zarz\u0105du na<br \/>\nPOSIEDZENIE ZARZ\u0104DU ODDZIA\u0141U ZASP<br \/>\nWE WROC\u0141AWIU<br \/>\nw dn. 15.05.2026 r. godz. 19.00 (pi\u0105tek).<br \/>\nPosiedzenie odb\u0119dzie si\u0119 w trybie zdalnym.<br \/>\nZ powa\u017caniem<br \/>\nprof. dr hab. Tadeusz Pszonka &#8211; Przewodnicz\u0105cy Zarz\u0105du<br \/>\n*<br \/>\nProjekt porz\u0105dku Posiedzenia___________________________<br \/>\nw trakcie przygotowa\u0144<\/p>\n<div id='gallery-1' class='gallery galleryid-3471 gallery-columns-1 gallery-size-large'><figure class='gallery-item'>\n\t\t\t<div class='gallery-icon portrait'>\n\t\t\t\t<a href='https:\/\/zasp.pl\/wroclaw\/2026\/04\/27\/15-05-2026-r-posiedzenie-zarzadu-oddzialu-zasp-we-wroclawiu\/2025-05-15-posiedzenie-zarzadu-zasp-oddz-we-wroclawiu-plakat-2\/'><img fetchpriority=\"high\" decoding=\"async\" width=\"716\" height=\"1024\" src=\"https:\/\/zasp.pl\/wroclaw\/wp-content\/uploads\/2026\/04\/2025.05.15-Posiedzenie-Zarzadu-ZASP-Oddz.-we-Wroclawiu-PLAKAT-1-716x1024.jpg\" class=\"attachment-large size-large\" alt=\"\" srcset=\"https:\/\/zasp.pl\/wroclaw\/wp-content\/uploads\/2026\/04\/2025.05.15-Posiedzenie-Zarzadu-ZASP-Oddz.-we-Wroclawiu-PLAKAT-1-716x1024.jpg 716w, https:\/\/zasp.pl\/wroclaw\/wp-content\/uploads\/2026\/04\/2025.05.15-Posiedzenie-Zarzadu-ZASP-Oddz.-we-Wroclawiu-PLAKAT-1-210x300.jpg 210w, https:\/\/zasp.pl\/wroclaw\/wp-content\/uploads\/2026\/04\/2025.05.15-Posiedzenie-Zarzadu-ZASP-Oddz.-we-Wroclawiu-PLAKAT-1-768x1099.jpg 768w, https:\/\/zasp.pl\/wroclaw\/wp-content\/uploads\/2026\/04\/2025.05.15-Posiedzenie-Zarzadu-ZASP-Oddz.-we-Wroclawiu-PLAKAT-1.jpg 917w\" sizes=\"(max-width: 716px) 100vw, 716px\" \/><\/a>\n\t\t\t<\/div><\/figure>\n\t\t<\/div>\n\n","protected":false},"excerpt":{"rendered":"<p>Serdecznie zapraszam Cz\u0142onk\u00f3w Zarz\u0105du na POSIEDZENIE ZARZ\u0104DU ODDZIA\u0141U ZASP WE WROC\u0141AWIU w dn. 15.05.2026 r. godz. 19.00 (pi\u0105tek). Posiedzenie odb\u0119dzie si\u0119 w trybie zdalnym. Z powa\u017caniem prof. dr hab. Tadeusz Pszonka &#8211; Przewodnicz\u0105cy Zarz\u0105du * Projekt porz\u0105dku Posiedzenia___________________________ w trakcie przygotowa\u0144<\/p>\n","protected":false},"author":2,"featured_media":3474,"comment_status":"open","ping_status":"closed","sticky":false,"template":"","format":"standard","meta":{"_acf_changed":false,"_exactmetrics_skip_tracking":false,"_exactmetrics_sitenote_active":false,"_exactmetrics_sitenote_note":"","_exactmetrics_sitenote_category":0,"footnotes":""},"categories":[1],"tags":[],"class_list":["post-3471","post","type-post","status-publish","format-standard","has-post-thumbnail","hentry","category-informacje-dla-zarzadu-oddzialu"],"acf":[],"_links":{"self":[{"href":"https:\/\/zasp.pl\/wroclaw\/wp-json\/wp\/v2\/posts\/3471","targetHints":{"allow":["GET"]}}],"collection":[{"href":"https:\/\/zasp.pl\/wroclaw\/wp-json\/wp\/v2\/posts"}],"about":[{"href":"https:\/\/zasp.pl\/wroclaw\/wp-json\/wp\/v2\/types\/post"}],"author":[{"embeddable":true,"href":"https:\/\/zasp.pl\/wroclaw\/wp-json\/wp\/v2\/users\/2"}],"replies":[{"embeddable":true,"href":"https:\/\/zasp.pl\/wroclaw\/wp-json\/wp\/v2\/comments?post=3471"}],"version-history":[{"count":3,"href":"https:\/\/zasp.pl\/wroclaw\/wp-json\/wp\/v2\/posts\/3471\/revisions"}],"predecessor-version":[{"id":3476,"href":"https:\/\/zasp.pl\/wroclaw\/wp-json\/wp\/v2\/posts\/3471\/revisions\/3476"}],"wp:featuredmedia":[{"embeddable":true,"href":"https:\/\/zasp.pl\/wroclaw\/wp-json\/wp\/v2\/media\/3474"}],"wp:attachment":[{"href":"https:\/\/zasp.pl\/wroclaw\/wp-json\/wp\/v2\/media?parent=3471"}],"wp:term":[{"taxonomy":"category","embeddable":true,"href":"https:\/\/zasp.pl\/wroclaw\/wp-json\/wp\/v2\/categories?post=3471"},{"taxonomy":"post_tag","embeddable":true,"href":"https:\/\/zasp.pl\/wroclaw\/wp-json\/wp\/v2\/tags?post=3471"}],"curies":[{"name":"wp","href":"https:\/\/api.w.org\/{rel}","templated":true}]}}