{"id":3451,"date":"2026-04-19T17:10:43","date_gmt":"2026-04-19T15:10:43","guid":{"rendered":"https:\/\/zasp.pl\/wroclaw\/?p=3451"},"modified":"2026-04-19T17:10:43","modified_gmt":"2026-04-19T15:10:43","slug":"18-04-2026-r-pozegnanie-kolezanki-elzbiety-lalki-terlikowskiej-na-cmentarzu-grabiszynskim-we-wroclawiu","status":"publish","type":"post","link":"https:\/\/zasp.pl\/wroclaw\/2026\/04\/19\/18-04-2026-r-pozegnanie-kolezanki-elzbiety-lalki-terlikowskiej-na-cmentarzu-grabiszynskim-we-wroclawiu\/","title":{"rendered":"18.04.2026 r. &#8211; Po\u017cegnanie Kole\u017canki El\u017cbiety \u201eLalki\u201d Terlikowskiej na Cmentarzu Grabiszy\u0144skim we Wroc\u0142awiu"},"content":{"rendered":"<p>18.04.2026 r. Wroc\u0142aw<br \/>\nW dzisiejsze bardzo s\u0142oneczne przedpo\u0142udnie Spo\u0142eczno\u015b\u0107 ZASP Oddz. we Wroc\u0142awiu na Cmentarzu Grabiszy\u0144skim po\u017cegna\u0142a Kole\u017cank\u0119 El\u017cbiet\u0119 \u201eLalk\u0119\u201d Terlikowsk\u0105. T\u0119 znakomit\u0105 wroc\u0142awsk\u0105 artystk\u0119 malark\u0119, kostiumolo\u017ck\u0119 i scenografk\u0119 odprowadzi\u0142y na miejsce wiecznego spoczynku setki mi\u0142o\u015bnik\u00f3w jej talentu. By\u0142y przem\u00f3wienia i podzi\u0119kowania, wyrazy wdzi\u0119czno\u015bci i podziwu. \u017begna\u0142y J\u0105 wszystkie \u015brodowiska artystyczne naszego miasta. W\u015br\u00f3d przyby\u0142ych by\u0142 m.in.: Prezydent Wroc\u0142awia Jacek Sutryk, Pose\u0142 do Parlamentu Europejskiego Bogdan Zdrojewski, Dyrektor Departamentu Kultury i Sportu w Urz\u0119dzie Miejskim Wroc\u0142awia Jaros\u0142aw Perduta i wielu innych. Zarz\u0105d ZASP reprezentowali: przewodnicz\u0105cy prof. Tadeusz Pszonka, sekretarz Bo\u017cena Baranowska-Szopa, Cz\u0142onek Zarz\u0105du Piotr Rudzki. W\u015br\u00f3d przyby\u0142ych na pogrzeb byli tak\u017ce, wieloletnia przyjaci\u00f3\u0142ka zmar\u0142ej Wanda Ziembicka-Has i Edwin Petrykat, tak\u017ce cz\u0142onkowie ZASP.<br \/>\n*<br \/>\nNiech odpoczywa w pokoju.<\/p>\n<div id='gallery-1' class='gallery galleryid-3451 gallery-columns-1 gallery-size-large'><figure class='gallery-item'>\n\t\t\t<div class='gallery-icon portrait'>\n\t\t\t\t<a href='https:\/\/zasp.pl\/wroclaw\/2026\/04\/19\/18-04-2026-r-pozegnanie-kolezanki-elzbiety-lalki-terlikowskiej-na-cmentarzu-grabiszynskim-we-wroclawiu\/673789693_122264815790155382_8853775505052548446_n\/'><img fetchpriority=\"high\" decoding=\"async\" width=\"800\" height=\"995\" src=\"https:\/\/zasp.pl\/wroclaw\/wp-content\/uploads\/2026\/04\/673789693_122264815790155382_8853775505052548446_n-823x1024.jpg\" class=\"attachment-large size-large\" alt=\"\" srcset=\"https:\/\/zasp.pl\/wroclaw\/wp-content\/uploads\/2026\/04\/673789693_122264815790155382_8853775505052548446_n-823x1024.jpg 823w, https:\/\/zasp.pl\/wroclaw\/wp-content\/uploads\/2026\/04\/673789693_122264815790155382_8853775505052548446_n-241x300.jpg 241w, https:\/\/zasp.pl\/wroclaw\/wp-content\/uploads\/2026\/04\/673789693_122264815790155382_8853775505052548446_n-768x956.jpg 768w, https:\/\/zasp.pl\/wroclaw\/wp-content\/uploads\/2026\/04\/673789693_122264815790155382_8853775505052548446_n-1234x1536.jpg 1234w, https:\/\/zasp.pl\/wroclaw\/wp-content\/uploads\/2026\/04\/673789693_122264815790155382_8853775505052548446_n.jpg 1532w\" sizes=\"(max-width: 800px) 100vw, 800px\" \/><\/a>\n\t\t\t<\/div><\/figure><figure class='gallery-item'>\n\t\t\t<div class='gallery-icon landscape'>\n\t\t\t\t<a href='https:\/\/zasp.pl\/wroclaw\/2026\/04\/19\/18-04-2026-r-pozegnanie-kolezanki-elzbiety-lalki-terlikowskiej-na-cmentarzu-grabiszynskim-we-wroclawiu\/676019952_122264794652155382_2252435229314148648_n\/'><img decoding=\"async\" width=\"800\" height=\"601\" src=\"https:\/\/zasp.pl\/wroclaw\/wp-content\/uploads\/2026\/04\/676019952_122264794652155382_2252435229314148648_n-1024x769.jpg\" class=\"attachment-large size-large\" alt=\"\" srcset=\"https:\/\/zasp.pl\/wroclaw\/wp-content\/uploads\/2026\/04\/676019952_122264794652155382_2252435229314148648_n-1024x769.jpg 1024w, https:\/\/zasp.pl\/wroclaw\/wp-content\/uploads\/2026\/04\/676019952_122264794652155382_2252435229314148648_n-300x225.jpg 300w, https:\/\/zasp.pl\/wroclaw\/wp-content\/uploads\/2026\/04\/676019952_122264794652155382_2252435229314148648_n-768x577.jpg 768w, https:\/\/zasp.pl\/wroclaw\/wp-content\/uploads\/2026\/04\/676019952_122264794652155382_2252435229314148648_n-1536x1154.jpg 1536w, https:\/\/zasp.pl\/wroclaw\/wp-content\/uploads\/2026\/04\/676019952_122264794652155382_2252435229314148648_n.jpg 2048w\" sizes=\"(max-width: 800px) 100vw, 800px\" \/><\/a>\n\t\t\t<\/div><\/figure><figure class='gallery-item'>\n\t\t\t<div class='gallery-icon landscape'>\n\t\t\t\t<a href='https:\/\/zasp.pl\/wroclaw\/2026\/04\/19\/18-04-2026-r-pozegnanie-kolezanki-elzbiety-lalki-terlikowskiej-na-cmentarzu-grabiszynskim-we-wroclawiu\/673764765_122264794700155382_8554580146096491461_n\/'><img decoding=\"async\" width=\"800\" height=\"600\" src=\"https:\/\/zasp.pl\/wroclaw\/wp-content\/uploads\/2026\/04\/673764765_122264794700155382_8554580146096491461_n-1024x768.jpg\" class=\"attachment-large size-large\" alt=\"\" srcset=\"https:\/\/zasp.pl\/wroclaw\/wp-content\/uploads\/2026\/04\/673764765_122264794700155382_8554580146096491461_n-1024x768.jpg 1024w, https:\/\/zasp.pl\/wroclaw\/wp-content\/uploads\/2026\/04\/673764765_122264794700155382_8554580146096491461_n-300x225.jpg 300w, https:\/\/zasp.pl\/wroclaw\/wp-content\/uploads\/2026\/04\/673764765_122264794700155382_8554580146096491461_n-768x576.jpg 768w, https:\/\/zasp.pl\/wroclaw\/wp-content\/uploads\/2026\/04\/673764765_122264794700155382_8554580146096491461_n-1536x1152.jpg 1536w, https:\/\/zasp.pl\/wroclaw\/wp-content\/uploads\/2026\/04\/673764765_122264794700155382_8554580146096491461_n.jpg 2048w\" sizes=\"(max-width: 800px) 100vw, 800px\" \/><\/a>\n\t\t\t<\/div><\/figure><figure class='gallery-item'>\n\t\t\t<div class='gallery-icon landscape'>\n\t\t\t\t<a href='https:\/\/zasp.pl\/wroclaw\/2026\/04\/19\/18-04-2026-r-pozegnanie-kolezanki-elzbiety-lalki-terlikowskiej-na-cmentarzu-grabiszynskim-we-wroclawiu\/672666115_122264794748155382_4486161776451798580_n\/'><img loading=\"lazy\" decoding=\"async\" width=\"800\" height=\"600\" src=\"https:\/\/zasp.pl\/wroclaw\/wp-content\/uploads\/2026\/04\/672666115_122264794748155382_4486161776451798580_n-1024x768.jpg\" class=\"attachment-large size-large\" alt=\"\" srcset=\"https:\/\/zasp.pl\/wroclaw\/wp-content\/uploads\/2026\/04\/672666115_122264794748155382_4486161776451798580_n-1024x768.jpg 1024w, https:\/\/zasp.pl\/wroclaw\/wp-content\/uploads\/2026\/04\/672666115_122264794748155382_4486161776451798580_n-300x225.jpg 300w, https:\/\/zasp.pl\/wroclaw\/wp-content\/uploads\/2026\/04\/672666115_122264794748155382_4486161776451798580_n-768x576.jpg 768w, https:\/\/zasp.pl\/wroclaw\/wp-content\/uploads\/2026\/04\/672666115_122264794748155382_4486161776451798580_n-1536x1152.jpg 1536w, https:\/\/zasp.pl\/wroclaw\/wp-content\/uploads\/2026\/04\/672666115_122264794748155382_4486161776451798580_n.jpg 2048w\" sizes=\"(max-width: 800px) 100vw, 800px\" \/><\/a>\n\t\t\t<\/div><\/figure><figure class='gallery-item'>\n\t\t\t<div class='gallery-icon portrait'>\n\t\t\t\t<a href='https:\/\/zasp.pl\/wroclaw\/2026\/04\/19\/18-04-2026-r-pozegnanie-kolezanki-elzbiety-lalki-terlikowskiej-na-cmentarzu-grabiszynskim-we-wroclawiu\/674049853_122264794796155382_4219278853838912374_n\/'><img loading=\"lazy\" decoding=\"async\" width=\"704\" height=\"1024\" src=\"https:\/\/zasp.pl\/wroclaw\/wp-content\/uploads\/2026\/04\/674049853_122264794796155382_4219278853838912374_n-704x1024.jpg\" class=\"attachment-large size-large\" alt=\"\" srcset=\"https:\/\/zasp.pl\/wroclaw\/wp-content\/uploads\/2026\/04\/674049853_122264794796155382_4219278853838912374_n-704x1024.jpg 704w, https:\/\/zasp.pl\/wroclaw\/wp-content\/uploads\/2026\/04\/674049853_122264794796155382_4219278853838912374_n-206x300.jpg 206w, https:\/\/zasp.pl\/wroclaw\/wp-content\/uploads\/2026\/04\/674049853_122264794796155382_4219278853838912374_n-768x1117.jpg 768w, https:\/\/zasp.pl\/wroclaw\/wp-content\/uploads\/2026\/04\/674049853_122264794796155382_4219278853838912374_n-1056x1536.jpg 1056w, https:\/\/zasp.pl\/wroclaw\/wp-content\/uploads\/2026\/04\/674049853_122264794796155382_4219278853838912374_n.jpg 1408w\" sizes=\"(max-width: 704px) 100vw, 704px\" \/><\/a>\n\t\t\t<\/div><\/figure><figure class='gallery-item'>\n\t\t\t<div class='gallery-icon portrait'>\n\t\t\t\t<a href='https:\/\/zasp.pl\/wroclaw\/2026\/04\/19\/18-04-2026-r-pozegnanie-kolezanki-elzbiety-lalki-terlikowskiej-na-cmentarzu-grabiszynskim-we-wroclawiu\/674199261_122264822102155382_1769003874497672424_n\/'><img loading=\"lazy\" decoding=\"async\" width=\"716\" height=\"1024\" src=\"https:\/\/zasp.pl\/wroclaw\/wp-content\/uploads\/2026\/04\/674199261_122264822102155382_1769003874497672424_n-716x1024.jpg\" class=\"attachment-large size-large\" alt=\"\" srcset=\"https:\/\/zasp.pl\/wroclaw\/wp-content\/uploads\/2026\/04\/674199261_122264822102155382_1769003874497672424_n-716x1024.jpg 716w, https:\/\/zasp.pl\/wroclaw\/wp-content\/uploads\/2026\/04\/674199261_122264822102155382_1769003874497672424_n-210x300.jpg 210w, https:\/\/zasp.pl\/wroclaw\/wp-content\/uploads\/2026\/04\/674199261_122264822102155382_1769003874497672424_n.jpg 746w\" sizes=\"(max-width: 716px) 100vw, 716px\" \/><\/a>\n\t\t\t<\/div><\/figure><figure class='gallery-item'>\n\t\t\t<div class='gallery-icon landscape'>\n\t\t\t\t<a href='https:\/\/zasp.pl\/wroclaw\/2026\/04\/19\/18-04-2026-r-pozegnanie-kolezanki-elzbiety-lalki-terlikowskiej-na-cmentarzu-grabiszynskim-we-wroclawiu\/673798493_122264794850155382_6250776040045014306_n\/'><img loading=\"lazy\" decoding=\"async\" width=\"800\" height=\"600\" src=\"https:\/\/zasp.pl\/wroclaw\/wp-content\/uploads\/2026\/04\/673798493_122264794850155382_6250776040045014306_n-1024x768.jpg\" class=\"attachment-large size-large\" alt=\"\" srcset=\"https:\/\/zasp.pl\/wroclaw\/wp-content\/uploads\/2026\/04\/673798493_122264794850155382_6250776040045014306_n-1024x768.jpg 1024w, https:\/\/zasp.pl\/wroclaw\/wp-content\/uploads\/2026\/04\/673798493_122264794850155382_6250776040045014306_n-300x225.jpg 300w, https:\/\/zasp.pl\/wroclaw\/wp-content\/uploads\/2026\/04\/673798493_122264794850155382_6250776040045014306_n-768x576.jpg 768w, https:\/\/zasp.pl\/wroclaw\/wp-content\/uploads\/2026\/04\/673798493_122264794850155382_6250776040045014306_n-1536x1152.jpg 1536w, https:\/\/zasp.pl\/wroclaw\/wp-content\/uploads\/2026\/04\/673798493_122264794850155382_6250776040045014306_n.jpg 2048w\" sizes=\"(max-width: 800px) 100vw, 800px\" \/><\/a>\n\t\t\t<\/div><\/figure><figure class='gallery-item'>\n\t\t\t<div class='gallery-icon portrait'>\n\t\t\t\t<a href='https:\/\/zasp.pl\/wroclaw\/2026\/04\/19\/18-04-2026-r-pozegnanie-kolezanki-elzbiety-lalki-terlikowskiej-na-cmentarzu-grabiszynskim-we-wroclawiu\/672357700_122264821922155382_37145995331643590_n-2\/'><img loading=\"lazy\" decoding=\"async\" width=\"761\" height=\"1024\" src=\"https:\/\/zasp.pl\/wroclaw\/wp-content\/uploads\/2026\/04\/672357700_122264821922155382_37145995331643590_n-1-761x1024.jpg\" class=\"attachment-large size-large\" alt=\"\" srcset=\"https:\/\/zasp.pl\/wroclaw\/wp-content\/uploads\/2026\/04\/672357700_122264821922155382_37145995331643590_n-1-761x1024.jpg 761w, https:\/\/zasp.pl\/wroclaw\/wp-content\/uploads\/2026\/04\/672357700_122264821922155382_37145995331643590_n-1-223x300.jpg 223w, https:\/\/zasp.pl\/wroclaw\/wp-content\/uploads\/2026\/04\/672357700_122264821922155382_37145995331643590_n-1-768x1033.jpg 768w, https:\/\/zasp.pl\/wroclaw\/wp-content\/uploads\/2026\/04\/672357700_122264821922155382_37145995331643590_n-1-1142x1536.jpg 1142w, https:\/\/zasp.pl\/wroclaw\/wp-content\/uploads\/2026\/04\/672357700_122264821922155382_37145995331643590_n-1.jpg 1220w\" sizes=\"(max-width: 761px) 100vw, 761px\" \/><\/a>\n\t\t\t<\/div><\/figure><figure class='gallery-item'>\n\t\t\t<div class='gallery-icon landscape'>\n\t\t\t\t<a href='https:\/\/zasp.pl\/wroclaw\/2026\/04\/19\/18-04-2026-r-pozegnanie-kolezanki-elzbiety-lalki-terlikowskiej-na-cmentarzu-grabiszynskim-we-wroclawiu\/672451792_122264794940155382_1854465379318067236_n-2\/'><img loading=\"lazy\" decoding=\"async\" width=\"800\" height=\"600\" src=\"https:\/\/zasp.pl\/wroclaw\/wp-content\/uploads\/2026\/04\/672451792_122264794940155382_1854465379318067236_n-1-1024x768.jpg\" class=\"attachment-large size-large\" alt=\"\" srcset=\"https:\/\/zasp.pl\/wroclaw\/wp-content\/uploads\/2026\/04\/672451792_122264794940155382_1854465379318067236_n-1-1024x768.jpg 1024w, https:\/\/zasp.pl\/wroclaw\/wp-content\/uploads\/2026\/04\/672451792_122264794940155382_1854465379318067236_n-1-300x225.jpg 300w, https:\/\/zasp.pl\/wroclaw\/wp-content\/uploads\/2026\/04\/672451792_122264794940155382_1854465379318067236_n-1-768x576.jpg 768w, https:\/\/zasp.pl\/wroclaw\/wp-content\/uploads\/2026\/04\/672451792_122264794940155382_1854465379318067236_n-1-1536x1152.jpg 1536w, https:\/\/zasp.pl\/wroclaw\/wp-content\/uploads\/2026\/04\/672451792_122264794940155382_1854465379318067236_n-1.jpg 2048w\" sizes=\"(max-width: 800px) 100vw, 800px\" \/><\/a>\n\t\t\t<\/div><\/figure><figure class='gallery-item'>\n\t\t\t<div class='gallery-icon landscape'>\n\t\t\t\t<a href='https:\/\/zasp.pl\/wroclaw\/2026\/04\/19\/18-04-2026-r-pozegnanie-kolezanki-elzbiety-lalki-terlikowskiej-na-cmentarzu-grabiszynskim-we-wroclawiu\/672620654_122264794892155382_4786006437447470275_n\/'><img loading=\"lazy\" decoding=\"async\" width=\"800\" height=\"601\" src=\"https:\/\/zasp.pl\/wroclaw\/wp-content\/uploads\/2026\/04\/672620654_122264794892155382_4786006437447470275_n-1024x769.jpg\" class=\"attachment-large size-large\" alt=\"\" srcset=\"https:\/\/zasp.pl\/wroclaw\/wp-content\/uploads\/2026\/04\/672620654_122264794892155382_4786006437447470275_n-1024x769.jpg 1024w, https:\/\/zasp.pl\/wroclaw\/wp-content\/uploads\/2026\/04\/672620654_122264794892155382_4786006437447470275_n-300x225.jpg 300w, https:\/\/zasp.pl\/wroclaw\/wp-content\/uploads\/2026\/04\/672620654_122264794892155382_4786006437447470275_n-768x577.jpg 768w, https:\/\/zasp.pl\/wroclaw\/wp-content\/uploads\/2026\/04\/672620654_122264794892155382_4786006437447470275_n-1536x1154.jpg 1536w, https:\/\/zasp.pl\/wroclaw\/wp-content\/uploads\/2026\/04\/672620654_122264794892155382_4786006437447470275_n.jpg 2048w\" sizes=\"(max-width: 800px) 100vw, 800px\" \/><\/a>\n\t\t\t<\/div><\/figure><figure class='gallery-item'>\n\t\t\t<div class='gallery-icon portrait'>\n\t\t\t\t<a href='https:\/\/zasp.pl\/wroclaw\/2026\/04\/19\/18-04-2026-r-pozegnanie-kolezanki-elzbiety-lalki-terlikowskiej-na-cmentarzu-grabiszynskim-we-wroclawiu\/672148837_122264798384155382_8318318977167865332_n-2\/'><img loading=\"lazy\" decoding=\"async\" width=\"768\" height=\"1024\" src=\"https:\/\/zasp.pl\/wroclaw\/wp-content\/uploads\/2026\/04\/672148837_122264798384155382_8318318977167865332_n-1-768x1024.jpg\" class=\"attachment-large size-large\" alt=\"\" srcset=\"https:\/\/zasp.pl\/wroclaw\/wp-content\/uploads\/2026\/04\/672148837_122264798384155382_8318318977167865332_n-1-768x1024.jpg 768w, https:\/\/zasp.pl\/wroclaw\/wp-content\/uploads\/2026\/04\/672148837_122264798384155382_8318318977167865332_n-1-225x300.jpg 225w, https:\/\/zasp.pl\/wroclaw\/wp-content\/uploads\/2026\/04\/672148837_122264798384155382_8318318977167865332_n-1-1152x1536.jpg 1152w, https:\/\/zasp.pl\/wroclaw\/wp-content\/uploads\/2026\/04\/672148837_122264798384155382_8318318977167865332_n-1.jpg 1536w\" sizes=\"(max-width: 768px) 100vw, 768px\" \/><\/a>\n\t\t\t<\/div><\/figure><figure class='gallery-item'>\n\t\t\t<div class='gallery-icon portrait'>\n\t\t\t\t<a href='https:\/\/zasp.pl\/wroclaw\/2026\/04\/19\/18-04-2026-r-pozegnanie-kolezanki-elzbiety-lalki-terlikowskiej-na-cmentarzu-grabiszynskim-we-wroclawiu\/674080149_122264794982155382_1453259616396282925_n\/'><img loading=\"lazy\" decoding=\"async\" width=\"768\" height=\"1024\" src=\"https:\/\/zasp.pl\/wroclaw\/wp-content\/uploads\/2026\/04\/674080149_122264794982155382_1453259616396282925_n-768x1024.jpg\" class=\"attachment-large size-large\" alt=\"\" srcset=\"https:\/\/zasp.pl\/wroclaw\/wp-content\/uploads\/2026\/04\/674080149_122264794982155382_1453259616396282925_n-768x1024.jpg 768w, https:\/\/zasp.pl\/wroclaw\/wp-content\/uploads\/2026\/04\/674080149_122264794982155382_1453259616396282925_n-225x300.jpg 225w, https:\/\/zasp.pl\/wroclaw\/wp-content\/uploads\/2026\/04\/674080149_122264794982155382_1453259616396282925_n-1152x1536.jpg 1152w, https:\/\/zasp.pl\/wroclaw\/wp-content\/uploads\/2026\/04\/674080149_122264794982155382_1453259616396282925_n.jpg 1536w\" sizes=\"(max-width: 768px) 100vw, 768px\" \/><\/a>\n\t\t\t<\/div><\/figure>\n\t\t<\/div>\n\n","protected":false},"excerpt":{"rendered":"<p>18.04.2026 r. Wroc\u0142aw W dzisiejsze bardzo s\u0142oneczne przedpo\u0142udnie Spo\u0142eczno\u015b\u0107 ZASP Oddz. we Wroc\u0142awiu na Cmentarzu Grabiszy\u0144skim po\u017cegna\u0142a Kole\u017cank\u0119 El\u017cbiet\u0119 \u201eLalk\u0119\u201d Terlikowsk\u0105. T\u0119 znakomit\u0105 wroc\u0142awsk\u0105 artystk\u0119 malark\u0119, kostiumolo\u017ck\u0119 i scenografk\u0119 odprowadzi\u0142y na miejsce wiecznego spoczynku setki mi\u0142o\u015bnik\u00f3w jej talentu. By\u0142y przem\u00f3wienia i podzi\u0119kowania, wyrazy wdzi\u0119czno\u015bci i podziwu. \u017begna\u0142y J\u0105 wszystkie \u015brodowiska artystyczne naszego miasta. W\u015br\u00f3d przyby\u0142ych [&hellip;]<\/p>\n","protected":false},"author":2,"featured_media":3455,"comment_status":"open","ping_status":"closed","sticky":false,"template":"","format":"standard","meta":{"_acf_changed":false,"_exactmetrics_skip_tracking":false,"_exactmetrics_sitenote_active":false,"_exactmetrics_sitenote_note":"","_exactmetrics_sitenote_category":0,"footnotes":""},"categories":[11],"tags":[],"class_list":["post-3451","post","type-post","status-publish","format-standard","has-post-thumbnail","hentry","category-wydarzenia"],"acf":[],"_links":{"self":[{"href":"https:\/\/zasp.pl\/wroclaw\/wp-json\/wp\/v2\/posts\/3451","targetHints":{"allow":["GET"]}}],"collection":[{"href":"https:\/\/zasp.pl\/wroclaw\/wp-json\/wp\/v2\/posts"}],"about":[{"href":"https:\/\/zasp.pl\/wroclaw\/wp-json\/wp\/v2\/types\/post"}],"author":[{"embeddable":true,"href":"https:\/\/zasp.pl\/wroclaw\/wp-json\/wp\/v2\/users\/2"}],"replies":[{"embeddable":true,"href":"https:\/\/zasp.pl\/wroclaw\/wp-json\/wp\/v2\/comments?post=3451"}],"version-history":[{"count":1,"href":"https:\/\/zasp.pl\/wroclaw\/wp-json\/wp\/v2\/posts\/3451\/revisions"}],"predecessor-version":[{"id":3467,"href":"https:\/\/zasp.pl\/wroclaw\/wp-json\/wp\/v2\/posts\/3451\/revisions\/3467"}],"wp:featuredmedia":[{"embeddable":true,"href":"https:\/\/zasp.pl\/wroclaw\/wp-json\/wp\/v2\/media\/3455"}],"wp:attachment":[{"href":"https:\/\/zasp.pl\/wroclaw\/wp-json\/wp\/v2\/media?parent=3451"}],"wp:term":[{"taxonomy":"category","embeddable":true,"href":"https:\/\/zasp.pl\/wroclaw\/wp-json\/wp\/v2\/categories?post=3451"},{"taxonomy":"post_tag","embeddable":true,"href":"https:\/\/zasp.pl\/wroclaw\/wp-json\/wp\/v2\/tags?post=3451"}],"curies":[{"name":"wp","href":"https:\/\/api.w.org\/{rel}","templated":true}]}}