{"id":3433,"date":"2026-03-27T23:54:43","date_gmt":"2026-03-27T22:54:43","guid":{"rendered":"https:\/\/zasp.pl\/wroclaw\/?p=3433"},"modified":"2026-03-31T16:59:51","modified_gmt":"2026-03-31T14:59:51","slug":"27-03-2026-miedzynarodowy-dzien-teatru-w-teatrze-polskim-we-wroclawiu","status":"publish","type":"post","link":"https:\/\/zasp.pl\/wroclaw\/2026\/03\/27\/27-03-2026-miedzynarodowy-dzien-teatru-w-teatrze-polskim-we-wroclawiu\/","title":{"rendered":"27.03.2026 &#8211; Mi\u0119dzynarodowy Dzie\u0144 Teatru w Teatrze Polskim we Wroc\u0142awiu"},"content":{"rendered":"<p>ZASP Oddz. we Wroc\u0142awiu serdecznie dzi\u0119kuje Dyrekcji oraz Zesp\u00f3\u0142 Teatru Polskiego we Wroc\u0142awiu<br \/>\nza zaproszenie na Gal\u0119 Wr\u0119czenia Nagr\u00f3d z okazji Mi\u0119dzynarodowego Dnia Teatru<br \/>\nw dn. 27 marca 2026 r. o godz. 14:00 na Scenie Kameralnej.<br \/>\nZa wieloletni trud na rzecz kultury Wroc\u0142awia wielu pracownik\u00f3w teatru zosta\u0142o uhonorowanych dyplomami, odznakami i odznaczeniami.<br \/>\nNagrody wr\u0119czali m.in.:<br \/>\n&#8211; Jaros\u0142aw Rabczenko &#8211; Cz\u0142onek Zarz\u0105du Wojew\u00f3dztwa Dolno\u015bl\u0105skiego,<br \/>\n&#8211; dr Ryszard Kessler &#8211; Wiceprezydent Wroc\u0142awia,<br \/>\n&#8211; Micha\u0142 Zadara &#8211; Dyrektor Teatru Polskiego we Teatr Polski we Wroc\u0142awiu,<br \/>\n&#8211; Monika W\u0142odarczyk &#8211; Radna Sejmiku Dolno\u015bl\u0105skiego.<br \/>\nWSZYSTKIM UHONOROWANYM PRACOWNIKOM TEATRU SERDECZNIE GRATULUJEMY !!!<br \/>\nZarz\u0105d i \u015brodowisko ZASP-u reprezentowali na uroczysto\u015bci:<br \/>\nUrszula Drzewi\u0144ska &#8211; Zast\u0119pczyni Przewodnicz\u0105cego i prof. Tadeusz Pszonka &#8211; Przewodnicz\u0105cy ZASP Oddz. we Wroc\u0142awiu.<br \/>\nNa gratulacj\u0119 zas\u0142uguje tak\u017ce wyst\u0119p wokalny aktora Mariusza Kiliana i jego zespo\u0142u. Dzi\u0119kujemy i gratulujemy.<br \/>\n*<br \/>\nZdj\u0119cia: Tadeusz Pszonka (archiwum ZASP Oddz. we Wroc\u0142awiu)<\/p>\n<div id='gallery-1' class='gallery galleryid-3433 gallery-columns-2 gallery-size-large'><figure class='gallery-item'>\n\t\t\t<div class='gallery-icon landscape'>\n\t\t\t\t<a href='https:\/\/zasp.pl\/wroclaw\/2026\/03\/27\/27-03-2026-aldona-struzik-i-edwin-petrykat-uhonorowani-nagrodami-z-okazji-miedzynarodowego-dnia-teatru\/1-657370353_122261984264155382_1820004168205484518_n\/'><img fetchpriority=\"high\" decoding=\"async\" width=\"800\" height=\"600\" src=\"https:\/\/zasp.pl\/wroclaw\/wp-content\/uploads\/2026\/03\/1.-657370353_122261984264155382_1820004168205484518_n-1024x768.jpg\" class=\"attachment-large size-large\" alt=\"\" srcset=\"https:\/\/zasp.pl\/wroclaw\/wp-content\/uploads\/2026\/03\/1.-657370353_122261984264155382_1820004168205484518_n-1024x768.jpg 1024w, https:\/\/zasp.pl\/wroclaw\/wp-content\/uploads\/2026\/03\/1.-657370353_122261984264155382_1820004168205484518_n-300x225.jpg 300w, https:\/\/zasp.pl\/wroclaw\/wp-content\/uploads\/2026\/03\/1.-657370353_122261984264155382_1820004168205484518_n-768x576.jpg 768w, https:\/\/zasp.pl\/wroclaw\/wp-content\/uploads\/2026\/03\/1.-657370353_122261984264155382_1820004168205484518_n-1536x1152.jpg 1536w, https:\/\/zasp.pl\/wroclaw\/wp-content\/uploads\/2026\/03\/1.-657370353_122261984264155382_1820004168205484518_n.jpg 2048w\" sizes=\"(max-width: 800px) 100vw, 800px\" \/><\/a>\n\t\t\t<\/div><\/figure><figure class='gallery-item'>\n\t\t\t<div class='gallery-icon landscape'>\n\t\t\t\t<a href='https:\/\/zasp.pl\/wroclaw\/2026\/03\/27\/27-03-2026-aldona-struzik-i-edwin-petrykat-uhonorowani-nagrodami-z-okazji-miedzynarodowego-dnia-teatru\/1-657625951_122261983808155382_3728167126609917433_n\/'><img decoding=\"async\" width=\"800\" height=\"600\" src=\"https:\/\/zasp.pl\/wroclaw\/wp-content\/uploads\/2026\/03\/1.-657625951_122261983808155382_3728167126609917433_n-1024x768.jpg\" class=\"attachment-large size-large\" alt=\"\" srcset=\"https:\/\/zasp.pl\/wroclaw\/wp-content\/uploads\/2026\/03\/1.-657625951_122261983808155382_3728167126609917433_n-1024x768.jpg 1024w, https:\/\/zasp.pl\/wroclaw\/wp-content\/uploads\/2026\/03\/1.-657625951_122261983808155382_3728167126609917433_n-300x225.jpg 300w, https:\/\/zasp.pl\/wroclaw\/wp-content\/uploads\/2026\/03\/1.-657625951_122261983808155382_3728167126609917433_n-768x576.jpg 768w, https:\/\/zasp.pl\/wroclaw\/wp-content\/uploads\/2026\/03\/1.-657625951_122261983808155382_3728167126609917433_n-1536x1152.jpg 1536w, https:\/\/zasp.pl\/wroclaw\/wp-content\/uploads\/2026\/03\/1.-657625951_122261983808155382_3728167126609917433_n.jpg 2048w\" sizes=\"(max-width: 800px) 100vw, 800px\" \/><\/a>\n\t\t\t<\/div><\/figure><figure class='gallery-item'>\n\t\t\t<div class='gallery-icon portrait'>\n\t\t\t\t<a href='https:\/\/zasp.pl\/wroclaw\/2026\/03\/27\/27-03-2026-aldona-struzik-i-edwin-petrykat-uhonorowani-nagrodami-z-okazji-miedzynarodowego-dnia-teatru\/656442899_122261983328155382_7846568718651530293_n-1\/'><img decoding=\"async\" width=\"768\" height=\"1024\" src=\"https:\/\/zasp.pl\/wroclaw\/wp-content\/uploads\/2026\/03\/656442899_122261983328155382_7846568718651530293_n-1-768x1024.jpg\" class=\"attachment-large size-large\" alt=\"\" srcset=\"https:\/\/zasp.pl\/wroclaw\/wp-content\/uploads\/2026\/03\/656442899_122261983328155382_7846568718651530293_n-1-768x1024.jpg 768w, https:\/\/zasp.pl\/wroclaw\/wp-content\/uploads\/2026\/03\/656442899_122261983328155382_7846568718651530293_n-1-225x300.jpg 225w, https:\/\/zasp.pl\/wroclaw\/wp-content\/uploads\/2026\/03\/656442899_122261983328155382_7846568718651530293_n-1-1152x1536.jpg 1152w, https:\/\/zasp.pl\/wroclaw\/wp-content\/uploads\/2026\/03\/656442899_122261983328155382_7846568718651530293_n-1.jpg 1536w\" sizes=\"(max-width: 768px) 100vw, 768px\" \/><\/a>\n\t\t\t<\/div><\/figure><figure class='gallery-item'>\n\t\t\t<div class='gallery-icon portrait'>\n\t\t\t\t<a href='https:\/\/zasp.pl\/wroclaw\/2026\/03\/27\/27-03-2026-aldona-struzik-i-edwin-petrykat-uhonorowani-nagrodami-z-okazji-miedzynarodowego-dnia-teatru\/1-659655255_122261983898155382_2640451528272887404_n\/'><img loading=\"lazy\" decoding=\"async\" width=\"768\" height=\"1024\" src=\"https:\/\/zasp.pl\/wroclaw\/wp-content\/uploads\/2026\/03\/1.-659655255_122261983898155382_2640451528272887404_n-768x1024.jpg\" class=\"attachment-large size-large\" alt=\"\" srcset=\"https:\/\/zasp.pl\/wroclaw\/wp-content\/uploads\/2026\/03\/1.-659655255_122261983898155382_2640451528272887404_n-768x1024.jpg 768w, https:\/\/zasp.pl\/wroclaw\/wp-content\/uploads\/2026\/03\/1.-659655255_122261983898155382_2640451528272887404_n-225x300.jpg 225w, https:\/\/zasp.pl\/wroclaw\/wp-content\/uploads\/2026\/03\/1.-659655255_122261983898155382_2640451528272887404_n-1152x1536.jpg 1152w, https:\/\/zasp.pl\/wroclaw\/wp-content\/uploads\/2026\/03\/1.-659655255_122261983898155382_2640451528272887404_n.jpg 1536w\" sizes=\"(max-width: 768px) 100vw, 768px\" \/><\/a>\n\t\t\t<\/div><\/figure><figure class='gallery-item'>\n\t\t\t<div class='gallery-icon landscape'>\n\t\t\t\t<a href='https:\/\/zasp.pl\/wroclaw\/2026\/03\/27\/27-03-2026-aldona-struzik-i-edwin-petrykat-uhonorowani-nagrodami-z-okazji-miedzynarodowego-dnia-teatru\/1-657733313_122261984696155382_317775197041445539_n\/'><img loading=\"lazy\" decoding=\"async\" width=\"800\" height=\"600\" src=\"https:\/\/zasp.pl\/wroclaw\/wp-content\/uploads\/2026\/03\/1.-657733313_122261984696155382_317775197041445539_n-1024x768.jpg\" class=\"attachment-large size-large\" alt=\"\" srcset=\"https:\/\/zasp.pl\/wroclaw\/wp-content\/uploads\/2026\/03\/1.-657733313_122261984696155382_317775197041445539_n-1024x768.jpg 1024w, https:\/\/zasp.pl\/wroclaw\/wp-content\/uploads\/2026\/03\/1.-657733313_122261984696155382_317775197041445539_n-300x225.jpg 300w, https:\/\/zasp.pl\/wroclaw\/wp-content\/uploads\/2026\/03\/1.-657733313_122261984696155382_317775197041445539_n-768x576.jpg 768w, https:\/\/zasp.pl\/wroclaw\/wp-content\/uploads\/2026\/03\/1.-657733313_122261984696155382_317775197041445539_n-1536x1152.jpg 1536w, https:\/\/zasp.pl\/wroclaw\/wp-content\/uploads\/2026\/03\/1.-657733313_122261984696155382_317775197041445539_n.jpg 2048w\" sizes=\"(max-width: 800px) 100vw, 800px\" \/><\/a>\n\t\t\t<\/div><\/figure><figure class='gallery-item'>\n\t\t\t<div class='gallery-icon landscape'>\n\t\t\t\t<a href='https:\/\/zasp.pl\/wroclaw\/2026\/03\/27\/27-03-2026-aldona-struzik-i-edwin-petrykat-uhonorowani-nagrodami-z-okazji-miedzynarodowego-dnia-teatru\/1-657734861_122261984588155382_154668035679242558_n\/'><img loading=\"lazy\" decoding=\"async\" width=\"800\" height=\"600\" src=\"https:\/\/zasp.pl\/wroclaw\/wp-content\/uploads\/2026\/03\/1.-657734861_122261984588155382_154668035679242558_n-1024x768.jpg\" class=\"attachment-large size-large\" alt=\"\" srcset=\"https:\/\/zasp.pl\/wroclaw\/wp-content\/uploads\/2026\/03\/1.-657734861_122261984588155382_154668035679242558_n-1024x768.jpg 1024w, https:\/\/zasp.pl\/wroclaw\/wp-content\/uploads\/2026\/03\/1.-657734861_122261984588155382_154668035679242558_n-300x225.jpg 300w, https:\/\/zasp.pl\/wroclaw\/wp-content\/uploads\/2026\/03\/1.-657734861_122261984588155382_154668035679242558_n-768x576.jpg 768w, https:\/\/zasp.pl\/wroclaw\/wp-content\/uploads\/2026\/03\/1.-657734861_122261984588155382_154668035679242558_n-1536x1152.jpg 1536w, https:\/\/zasp.pl\/wroclaw\/wp-content\/uploads\/2026\/03\/1.-657734861_122261984588155382_154668035679242558_n.jpg 2048w\" sizes=\"(max-width: 800px) 100vw, 800px\" \/><\/a>\n\t\t\t<\/div><\/figure><figure class='gallery-item'>\n\t\t\t<div class='gallery-icon portrait'>\n\t\t\t\t<a href='https:\/\/zasp.pl\/wroclaw\/2026\/03\/27\/27-03-2026-aldona-struzik-i-edwin-petrykat-uhonorowani-nagrodami-z-okazji-miedzynarodowego-dnia-teatru\/1-656814238_122261984354155382_6457759179967495568_n\/'><img loading=\"lazy\" decoding=\"async\" width=\"768\" height=\"1024\" src=\"https:\/\/zasp.pl\/wroclaw\/wp-content\/uploads\/2026\/03\/1.-656814238_122261984354155382_6457759179967495568_n-768x1024.jpg\" class=\"attachment-large size-large\" alt=\"\" srcset=\"https:\/\/zasp.pl\/wroclaw\/wp-content\/uploads\/2026\/03\/1.-656814238_122261984354155382_6457759179967495568_n-768x1024.jpg 768w, https:\/\/zasp.pl\/wroclaw\/wp-content\/uploads\/2026\/03\/1.-656814238_122261984354155382_6457759179967495568_n-225x300.jpg 225w, https:\/\/zasp.pl\/wroclaw\/wp-content\/uploads\/2026\/03\/1.-656814238_122261984354155382_6457759179967495568_n-1152x1536.jpg 1152w, https:\/\/zasp.pl\/wroclaw\/wp-content\/uploads\/2026\/03\/1.-656814238_122261984354155382_6457759179967495568_n.jpg 1536w\" sizes=\"(max-width: 768px) 100vw, 768px\" \/><\/a>\n\t\t\t<\/div><\/figure><figure class='gallery-item'>\n\t\t\t<div class='gallery-icon portrait'>\n\t\t\t\t<a href='https:\/\/zasp.pl\/wroclaw\/2026\/03\/27\/27-03-2026-aldona-struzik-i-edwin-petrykat-uhonorowani-nagrodami-z-okazji-miedzynarodowego-dnia-teatru\/1-656691606_122261984534155382_1121829206004964805_n\/'><img loading=\"lazy\" decoding=\"async\" width=\"768\" height=\"1024\" src=\"https:\/\/zasp.pl\/wroclaw\/wp-content\/uploads\/2026\/03\/1.-656691606_122261984534155382_1121829206004964805_n-768x1024.jpg\" class=\"attachment-large size-large\" alt=\"\" srcset=\"https:\/\/zasp.pl\/wroclaw\/wp-content\/uploads\/2026\/03\/1.-656691606_122261984534155382_1121829206004964805_n-768x1024.jpg 768w, https:\/\/zasp.pl\/wroclaw\/wp-content\/uploads\/2026\/03\/1.-656691606_122261984534155382_1121829206004964805_n-225x300.jpg 225w, https:\/\/zasp.pl\/wroclaw\/wp-content\/uploads\/2026\/03\/1.-656691606_122261984534155382_1121829206004964805_n-1152x1536.jpg 1152w, https:\/\/zasp.pl\/wroclaw\/wp-content\/uploads\/2026\/03\/1.-656691606_122261984534155382_1121829206004964805_n.jpg 1536w\" sizes=\"(max-width: 768px) 100vw, 768px\" \/><\/a>\n\t\t\t<\/div><\/figure><figure class='gallery-item'>\n\t\t\t<div class='gallery-icon portrait'>\n\t\t\t\t<a href='https:\/\/zasp.pl\/wroclaw\/2026\/03\/27\/27-03-2026-aldona-struzik-i-edwin-petrykat-uhonorowani-nagrodami-z-okazji-miedzynarodowego-dnia-teatru\/1-657540986_122261984972155382_2980524323374415485_n\/'><img loading=\"lazy\" decoding=\"async\" width=\"768\" height=\"1024\" src=\"https:\/\/zasp.pl\/wroclaw\/wp-content\/uploads\/2026\/03\/1.-657540986_122261984972155382_2980524323374415485_n-768x1024.jpg\" class=\"attachment-large size-large\" alt=\"\" srcset=\"https:\/\/zasp.pl\/wroclaw\/wp-content\/uploads\/2026\/03\/1.-657540986_122261984972155382_2980524323374415485_n-768x1024.jpg 768w, https:\/\/zasp.pl\/wroclaw\/wp-content\/uploads\/2026\/03\/1.-657540986_122261984972155382_2980524323374415485_n-225x300.jpg 225w, https:\/\/zasp.pl\/wroclaw\/wp-content\/uploads\/2026\/03\/1.-657540986_122261984972155382_2980524323374415485_n-1152x1536.jpg 1152w, https:\/\/zasp.pl\/wroclaw\/wp-content\/uploads\/2026\/03\/1.-657540986_122261984972155382_2980524323374415485_n.jpg 1536w\" sizes=\"(max-width: 768px) 100vw, 768px\" \/><\/a>\n\t\t\t<\/div><\/figure><figure class='gallery-item'>\n\t\t\t<div class='gallery-icon portrait'>\n\t\t\t\t<a href='https:\/\/zasp.pl\/wroclaw\/2026\/03\/27\/27-03-2026-aldona-struzik-i-edwin-petrykat-uhonorowani-nagrodami-z-okazji-miedzynarodowego-dnia-teatru\/1-657524336_122261984924155382_2855017008839301252_n\/'><img loading=\"lazy\" decoding=\"async\" width=\"768\" height=\"1024\" src=\"https:\/\/zasp.pl\/wroclaw\/wp-content\/uploads\/2026\/03\/1.-657524336_122261984924155382_2855017008839301252_n-768x1024.jpg\" class=\"attachment-large size-large\" alt=\"\" srcset=\"https:\/\/zasp.pl\/wroclaw\/wp-content\/uploads\/2026\/03\/1.-657524336_122261984924155382_2855017008839301252_n-768x1024.jpg 768w, https:\/\/zasp.pl\/wroclaw\/wp-content\/uploads\/2026\/03\/1.-657524336_122261984924155382_2855017008839301252_n-225x300.jpg 225w, https:\/\/zasp.pl\/wroclaw\/wp-content\/uploads\/2026\/03\/1.-657524336_122261984924155382_2855017008839301252_n-1152x1536.jpg 1152w, https:\/\/zasp.pl\/wroclaw\/wp-content\/uploads\/2026\/03\/1.-657524336_122261984924155382_2855017008839301252_n.jpg 1536w\" sizes=\"(max-width: 768px) 100vw, 768px\" \/><\/a>\n\t\t\t<\/div><\/figure><figure class='gallery-item'>\n\t\t\t<div class='gallery-icon landscape'>\n\t\t\t\t<a href='https:\/\/zasp.pl\/wroclaw\/2026\/03\/27\/27-03-2026-aldona-struzik-i-edwin-petrykat-uhonorowani-nagrodami-z-okazji-miedzynarodowego-dnia-teatru\/1-657384486_122261984030155382_4894307977201282036_n\/'><img loading=\"lazy\" decoding=\"async\" width=\"800\" height=\"600\" src=\"https:\/\/zasp.pl\/wroclaw\/wp-content\/uploads\/2026\/03\/1.-657384486_122261984030155382_4894307977201282036_n-1024x768.jpg\" class=\"attachment-large size-large\" alt=\"\" srcset=\"https:\/\/zasp.pl\/wroclaw\/wp-content\/uploads\/2026\/03\/1.-657384486_122261984030155382_4894307977201282036_n-1024x768.jpg 1024w, https:\/\/zasp.pl\/wroclaw\/wp-content\/uploads\/2026\/03\/1.-657384486_122261984030155382_4894307977201282036_n-300x225.jpg 300w, https:\/\/zasp.pl\/wroclaw\/wp-content\/uploads\/2026\/03\/1.-657384486_122261984030155382_4894307977201282036_n-768x576.jpg 768w, https:\/\/zasp.pl\/wroclaw\/wp-content\/uploads\/2026\/03\/1.-657384486_122261984030155382_4894307977201282036_n-1536x1152.jpg 1536w, https:\/\/zasp.pl\/wroclaw\/wp-content\/uploads\/2026\/03\/1.-657384486_122261984030155382_4894307977201282036_n.jpg 2048w\" sizes=\"(max-width: 800px) 100vw, 800px\" \/><\/a>\n\t\t\t<\/div><\/figure>\n\t\t<\/div>\n\n<p>&nbsp;<\/p>\n","protected":false},"excerpt":{"rendered":"<p>ZASP Oddz. we Wroc\u0142awiu serdecznie dzi\u0119kuje Dyrekcji oraz Zesp\u00f3\u0142 Teatru Polskiego we Wroc\u0142awiu za zaproszenie na Gal\u0119 Wr\u0119czenia Nagr\u00f3d z okazji Mi\u0119dzynarodowego Dnia Teatru w dn. 27 marca 2026 r. o godz. 14:00 na Scenie Kameralnej. Za wieloletni trud na rzecz kultury Wroc\u0142awia wielu pracownik\u00f3w teatru zosta\u0142o uhonorowanych dyplomami, odznakami i odznaczeniami. Nagrody wr\u0119czali m.in.: [&hellip;]<\/p>\n","protected":false},"author":2,"featured_media":3414,"comment_status":"open","ping_status":"closed","sticky":false,"template":"","format":"standard","meta":{"_acf_changed":false,"_exactmetrics_skip_tracking":false,"_exactmetrics_sitenote_active":false,"_exactmetrics_sitenote_note":"","_exactmetrics_sitenote_category":0,"footnotes":""},"categories":[11],"tags":[],"class_list":["post-3433","post","type-post","status-publish","format-standard","has-post-thumbnail","hentry","category-wydarzenia"],"acf":[],"_links":{"self":[{"href":"https:\/\/zasp.pl\/wroclaw\/wp-json\/wp\/v2\/posts\/3433","targetHints":{"allow":["GET"]}}],"collection":[{"href":"https:\/\/zasp.pl\/wroclaw\/wp-json\/wp\/v2\/posts"}],"about":[{"href":"https:\/\/zasp.pl\/wroclaw\/wp-json\/wp\/v2\/types\/post"}],"author":[{"embeddable":true,"href":"https:\/\/zasp.pl\/wroclaw\/wp-json\/wp\/v2\/users\/2"}],"replies":[{"embeddable":true,"href":"https:\/\/zasp.pl\/wroclaw\/wp-json\/wp\/v2\/comments?post=3433"}],"version-history":[{"count":2,"href":"https:\/\/zasp.pl\/wroclaw\/wp-json\/wp\/v2\/posts\/3433\/revisions"}],"predecessor-version":[{"id":3435,"href":"https:\/\/zasp.pl\/wroclaw\/wp-json\/wp\/v2\/posts\/3433\/revisions\/3435"}],"wp:featuredmedia":[{"embeddable":true,"href":"https:\/\/zasp.pl\/wroclaw\/wp-json\/wp\/v2\/media\/3414"}],"wp:attachment":[{"href":"https:\/\/zasp.pl\/wroclaw\/wp-json\/wp\/v2\/media?parent=3433"}],"wp:term":[{"taxonomy":"category","embeddable":true,"href":"https:\/\/zasp.pl\/wroclaw\/wp-json\/wp\/v2\/categories?post=3433"},{"taxonomy":"post_tag","embeddable":true,"href":"https:\/\/zasp.pl\/wroclaw\/wp-json\/wp\/v2\/tags?post=3433"}],"curies":[{"name":"wp","href":"https:\/\/api.w.org\/{rel}","templated":true}]}}