{"id":3407,"date":"2026-03-27T21:53:44","date_gmt":"2026-03-27T20:53:44","guid":{"rendered":"https:\/\/zasp.pl\/wroclaw\/?p=3407"},"modified":"2026-03-31T16:54:24","modified_gmt":"2026-03-31T14:54:24","slug":"27-03-2026-aldona-struzik-i-edwin-petrykat-uhonorowani-nagrodami-z-okazji-miedzynarodowego-dnia-teatru","status":"publish","type":"post","link":"https:\/\/zasp.pl\/wroclaw\/2026\/03\/27\/27-03-2026-aldona-struzik-i-edwin-petrykat-uhonorowani-nagrodami-z-okazji-miedzynarodowego-dnia-teatru\/","title":{"rendered":"27.03.2026 &#8211; Aldona Struzik i Edwin Petrykat uhonorowani nagrodami z Okazji Mi\u0119dzynarodowego Dnia Teatru"},"content":{"rendered":"<div dir=\"auto\">Zarz\u0105d ZASP Oddz. we Wroc\u0142awiu bardzo serdecznie gratuluje naszej Kole\u017cance ALDONIE STRUZIK otrzymania odznaki, kt\u00f3r\u0105 odebra\u0142a z r\u0105k Wiceprezydenta Wroc\u0142awia Ryszarda Kesslera i Dyrektora Micha\u0142a Zadary.<\/div>\n<div dir=\"auto\">Koledze EDWINOWI PETRYKATOWI wr\u0119czy\u0142 dyplom uznania Pan Micha\u0142a Zadary, Dyrektor <span class=\"html-span xdj266r x14z9mp xat24cr x1lziwak xexx8yu xyri2b x18d9i69 x1c1uobl x1hl2dhg x16tdsg8 x1vvkbs\"><a class=\"x1i10hfl xjbqb8w x1ejq31n x18oe1m7 x1sy0etr xstzfhl x972fbf x10w94by x1qhh985 x14e42zd x9f619 x1ypdohk xt0psk2 x3ct3a4 xdj266r x14z9mp xat24cr x1lziwak xexx8yu xyri2b x18d9i69 x1c1uobl x16tdsg8 x1hl2dhg xggy1nq x1a2a7pz xkrqix3 x1sur9pj x1fey0fg x1s688f\" tabindex=\"0\" role=\"link\" href=\"https:\/\/www.facebook.com\/Teatr.Polski.we.Wroclawiu?__cft__[0]=AZa6pILmdOJyZGLyELSUYqwtpLNMxSOrznfsiJNWwej8VVhd1hlchPdUO6gXZRZbP5HWbgKtbEXoLumk4af48yt2p3eyKSn2J4qJdfmadKdqRnMLOtxLei3lge0owN9NWLpClL38R1593UD_mAETPd4X4HiVcsBWEWWEvEqDh5SIy0B94umrGTx5Xito52FXfgk&amp;__tn__=-]K-R\"><span class=\"xt0psk2\"><span class=\"xjp7ctv\">Teatr Polski we Wroc\u0142awiu<\/span><\/span><\/a><\/span>.<\/div>\n<div dir=\"auto\">Wr\u0119czenia dokonano podczas Gali Wr\u0119czenia Nagr\u00f3d z okazji Mi\u0119dzynarodowego Dnia Teatru<\/div>\n<div dir=\"auto\">w dn. 27 marca 2026 r. na Scenie Kameralnej Teatru Kameralnego w eWroc\u0142awiu.<\/div>\n<div dir=\"auto\">*<\/div>\n<div dir=\"auto\">Zdj\u0119cia: Tadeusz Pszonka (archiwum ZASP Oddz. we Wroc\u0142awiu)<\/div>\n<div dir=\"auto\"><\/div>\n<div dir=\"auto\">\n<div id='gallery-1' class='gallery galleryid-3407 gallery-columns-2 gallery-size-large'><figure class='gallery-item'>\n\t\t\t<div class='gallery-icon portrait'>\n\t\t\t\t<a href='https:\/\/zasp.pl\/wroclaw\/2026\/03\/27\/27-03-2026-aldona-struzik-i-edwin-petrykat-uhonorowani-nagrodami-z-okazji-miedzynarodowego-dnia-teatru\/657564738_122261983370155382_4396389795086573732_n\/'><img fetchpriority=\"high\" decoding=\"async\" width=\"768\" height=\"1024\" src=\"https:\/\/zasp.pl\/wroclaw\/wp-content\/uploads\/2026\/03\/657564738_122261983370155382_4396389795086573732_n-768x1024.jpg\" class=\"attachment-large size-large\" alt=\"\" srcset=\"https:\/\/zasp.pl\/wroclaw\/wp-content\/uploads\/2026\/03\/657564738_122261983370155382_4396389795086573732_n-768x1024.jpg 768w, https:\/\/zasp.pl\/wroclaw\/wp-content\/uploads\/2026\/03\/657564738_122261983370155382_4396389795086573732_n-225x300.jpg 225w, https:\/\/zasp.pl\/wroclaw\/wp-content\/uploads\/2026\/03\/657564738_122261983370155382_4396389795086573732_n-1152x1536.jpg 1152w, https:\/\/zasp.pl\/wroclaw\/wp-content\/uploads\/2026\/03\/657564738_122261983370155382_4396389795086573732_n.jpg 1536w\" sizes=\"(max-width: 768px) 100vw, 768px\" \/><\/a>\n\t\t\t<\/div><\/figure><figure class='gallery-item'>\n\t\t\t<div class='gallery-icon portrait'>\n\t\t\t\t<a href='https:\/\/zasp.pl\/wroclaw\/2026\/03\/27\/27-03-2026-aldona-struzik-i-edwin-petrykat-uhonorowani-nagrodami-z-okazji-miedzynarodowego-dnia-teatru\/1-659655255_122261983898155382_2640451528272887404_n\/'><img decoding=\"async\" width=\"768\" height=\"1024\" src=\"https:\/\/zasp.pl\/wroclaw\/wp-content\/uploads\/2026\/03\/1.-659655255_122261983898155382_2640451528272887404_n-768x1024.jpg\" class=\"attachment-large size-large\" alt=\"\" srcset=\"https:\/\/zasp.pl\/wroclaw\/wp-content\/uploads\/2026\/03\/1.-659655255_122261983898155382_2640451528272887404_n-768x1024.jpg 768w, https:\/\/zasp.pl\/wroclaw\/wp-content\/uploads\/2026\/03\/1.-659655255_122261983898155382_2640451528272887404_n-225x300.jpg 225w, https:\/\/zasp.pl\/wroclaw\/wp-content\/uploads\/2026\/03\/1.-659655255_122261983898155382_2640451528272887404_n-1152x1536.jpg 1152w, https:\/\/zasp.pl\/wroclaw\/wp-content\/uploads\/2026\/03\/1.-659655255_122261983898155382_2640451528272887404_n.jpg 1536w\" sizes=\"(max-width: 768px) 100vw, 768px\" \/><\/a>\n\t\t\t<\/div><\/figure><figure class='gallery-item'>\n\t\t\t<div class='gallery-icon portrait'>\n\t\t\t\t<a href='https:\/\/zasp.pl\/wroclaw\/2026\/03\/27\/27-03-2026-aldona-struzik-i-edwin-petrykat-uhonorowani-nagrodami-z-okazji-miedzynarodowego-dnia-teatru\/656909646_122261983502155382_298588063041603826_n\/'><img decoding=\"async\" width=\"768\" height=\"1024\" src=\"https:\/\/zasp.pl\/wroclaw\/wp-content\/uploads\/2026\/03\/656909646_122261983502155382_298588063041603826_n-768x1024.jpg\" class=\"attachment-large size-large\" alt=\"\" srcset=\"https:\/\/zasp.pl\/wroclaw\/wp-content\/uploads\/2026\/03\/656909646_122261983502155382_298588063041603826_n-768x1024.jpg 768w, https:\/\/zasp.pl\/wroclaw\/wp-content\/uploads\/2026\/03\/656909646_122261983502155382_298588063041603826_n-225x300.jpg 225w, https:\/\/zasp.pl\/wroclaw\/wp-content\/uploads\/2026\/03\/656909646_122261983502155382_298588063041603826_n-1152x1536.jpg 1152w, https:\/\/zasp.pl\/wroclaw\/wp-content\/uploads\/2026\/03\/656909646_122261983502155382_298588063041603826_n.jpg 1536w\" sizes=\"(max-width: 768px) 100vw, 768px\" \/><\/a>\n\t\t\t<\/div><\/figure><figure class='gallery-item'>\n\t\t\t<div class='gallery-icon portrait'>\n\t\t\t\t<a href='https:\/\/zasp.pl\/wroclaw\/2026\/03\/27\/27-03-2026-aldona-struzik-i-edwin-petrykat-uhonorowani-nagrodami-z-okazji-miedzynarodowego-dnia-teatru\/656442899_122261983328155382_7846568718651530293_n\/'><img loading=\"lazy\" decoding=\"async\" width=\"768\" height=\"1024\" src=\"https:\/\/zasp.pl\/wroclaw\/wp-content\/uploads\/2026\/03\/656442899_122261983328155382_7846568718651530293_n-768x1024.jpg\" class=\"attachment-large size-large\" alt=\"\" srcset=\"https:\/\/zasp.pl\/wroclaw\/wp-content\/uploads\/2026\/03\/656442899_122261983328155382_7846568718651530293_n-768x1024.jpg 768w, https:\/\/zasp.pl\/wroclaw\/wp-content\/uploads\/2026\/03\/656442899_122261983328155382_7846568718651530293_n-225x300.jpg 225w, https:\/\/zasp.pl\/wroclaw\/wp-content\/uploads\/2026\/03\/656442899_122261983328155382_7846568718651530293_n-1152x1536.jpg 1152w, https:\/\/zasp.pl\/wroclaw\/wp-content\/uploads\/2026\/03\/656442899_122261983328155382_7846568718651530293_n.jpg 1536w\" sizes=\"(max-width: 768px) 100vw, 768px\" \/><\/a>\n\t\t\t<\/div><\/figure><figure class='gallery-item'>\n\t\t\t<div class='gallery-icon portrait'>\n\t\t\t\t<a href='https:\/\/zasp.pl\/wroclaw\/2026\/03\/27\/27-03-2026-aldona-struzik-i-edwin-petrykat-uhonorowani-nagrodami-z-okazji-miedzynarodowego-dnia-teatru\/656732685_122261983460155382_4478944702185720563_n\/'><img loading=\"lazy\" decoding=\"async\" width=\"768\" height=\"1024\" src=\"https:\/\/zasp.pl\/wroclaw\/wp-content\/uploads\/2026\/03\/656732685_122261983460155382_4478944702185720563_n-768x1024.jpg\" class=\"attachment-large size-large\" alt=\"\" srcset=\"https:\/\/zasp.pl\/wroclaw\/wp-content\/uploads\/2026\/03\/656732685_122261983460155382_4478944702185720563_n-768x1024.jpg 768w, https:\/\/zasp.pl\/wroclaw\/wp-content\/uploads\/2026\/03\/656732685_122261983460155382_4478944702185720563_n-225x300.jpg 225w, https:\/\/zasp.pl\/wroclaw\/wp-content\/uploads\/2026\/03\/656732685_122261983460155382_4478944702185720563_n-1152x1536.jpg 1152w, https:\/\/zasp.pl\/wroclaw\/wp-content\/uploads\/2026\/03\/656732685_122261983460155382_4478944702185720563_n.jpg 1536w\" sizes=\"(max-width: 768px) 100vw, 768px\" \/><\/a>\n\t\t\t<\/div><\/figure><figure class='gallery-item'>\n\t\t\t<div class='gallery-icon portrait'>\n\t\t\t\t<a href='https:\/\/zasp.pl\/wroclaw\/2026\/03\/27\/27-03-2026-aldona-struzik-i-edwin-petrykat-uhonorowani-nagrodami-z-okazji-miedzynarodowego-dnia-teatru\/657739634_122261983418155382_6428662807849712423_n\/'><img loading=\"lazy\" decoding=\"async\" width=\"768\" height=\"1024\" src=\"https:\/\/zasp.pl\/wroclaw\/wp-content\/uploads\/2026\/03\/657739634_122261983418155382_6428662807849712423_n-768x1024.jpg\" class=\"attachment-large size-large\" alt=\"\" srcset=\"https:\/\/zasp.pl\/wroclaw\/wp-content\/uploads\/2026\/03\/657739634_122261983418155382_6428662807849712423_n-768x1024.jpg 768w, https:\/\/zasp.pl\/wroclaw\/wp-content\/uploads\/2026\/03\/657739634_122261983418155382_6428662807849712423_n-225x300.jpg 225w, https:\/\/zasp.pl\/wroclaw\/wp-content\/uploads\/2026\/03\/657739634_122261983418155382_6428662807849712423_n-1152x1536.jpg 1152w, https:\/\/zasp.pl\/wroclaw\/wp-content\/uploads\/2026\/03\/657739634_122261983418155382_6428662807849712423_n.jpg 1536w\" sizes=\"(max-width: 768px) 100vw, 768px\" \/><\/a>\n\t\t\t<\/div><\/figure><figure class='gallery-item'>\n\t\t\t<div class='gallery-icon landscape'>\n\t\t\t\t<a href='https:\/\/zasp.pl\/wroclaw\/2026\/03\/27\/27-03-2026-aldona-struzik-i-edwin-petrykat-uhonorowani-nagrodami-z-okazji-miedzynarodowego-dnia-teatru\/1-657733313_122261984696155382_317775197041445539_n\/'><img loading=\"lazy\" decoding=\"async\" width=\"800\" height=\"600\" src=\"https:\/\/zasp.pl\/wroclaw\/wp-content\/uploads\/2026\/03\/1.-657733313_122261984696155382_317775197041445539_n-1024x768.jpg\" class=\"attachment-large size-large\" alt=\"\" srcset=\"https:\/\/zasp.pl\/wroclaw\/wp-content\/uploads\/2026\/03\/1.-657733313_122261984696155382_317775197041445539_n-1024x768.jpg 1024w, https:\/\/zasp.pl\/wroclaw\/wp-content\/uploads\/2026\/03\/1.-657733313_122261984696155382_317775197041445539_n-300x225.jpg 300w, https:\/\/zasp.pl\/wroclaw\/wp-content\/uploads\/2026\/03\/1.-657733313_122261984696155382_317775197041445539_n-768x576.jpg 768w, https:\/\/zasp.pl\/wroclaw\/wp-content\/uploads\/2026\/03\/1.-657733313_122261984696155382_317775197041445539_n-1536x1152.jpg 1536w, https:\/\/zasp.pl\/wroclaw\/wp-content\/uploads\/2026\/03\/1.-657733313_122261984696155382_317775197041445539_n.jpg 2048w\" sizes=\"(max-width: 800px) 100vw, 800px\" \/><\/a>\n\t\t\t<\/div><\/figure><figure class='gallery-item'>\n\t\t\t<div class='gallery-icon landscape'>\n\t\t\t\t<a href='https:\/\/zasp.pl\/wroclaw\/2026\/03\/27\/27-03-2026-aldona-struzik-i-edwin-petrykat-uhonorowani-nagrodami-z-okazji-miedzynarodowego-dnia-teatru\/1-657592081_122261984162155382_89019440123324629_n\/'><img loading=\"lazy\" decoding=\"async\" width=\"800\" height=\"600\" src=\"https:\/\/zasp.pl\/wroclaw\/wp-content\/uploads\/2026\/03\/1.-657592081_122261984162155382_89019440123324629_n-1024x768.jpg\" class=\"attachment-large size-large\" alt=\"\" srcset=\"https:\/\/zasp.pl\/wroclaw\/wp-content\/uploads\/2026\/03\/1.-657592081_122261984162155382_89019440123324629_n-1024x768.jpg 1024w, https:\/\/zasp.pl\/wroclaw\/wp-content\/uploads\/2026\/03\/1.-657592081_122261984162155382_89019440123324629_n-300x225.jpg 300w, https:\/\/zasp.pl\/wroclaw\/wp-content\/uploads\/2026\/03\/1.-657592081_122261984162155382_89019440123324629_n-768x576.jpg 768w, https:\/\/zasp.pl\/wroclaw\/wp-content\/uploads\/2026\/03\/1.-657592081_122261984162155382_89019440123324629_n-1536x1152.jpg 1536w, https:\/\/zasp.pl\/wroclaw\/wp-content\/uploads\/2026\/03\/1.-657592081_122261984162155382_89019440123324629_n.jpg 2048w\" sizes=\"(max-width: 800px) 100vw, 800px\" \/><\/a>\n\t\t\t<\/div><\/figure>\n\t\t<\/div>\n\n<\/div>\n<div dir=\"auto\"><\/div>\n","protected":false},"excerpt":{"rendered":"<p>Zarz\u0105d ZASP Oddz. we Wroc\u0142awiu bardzo serdecznie gratuluje naszej Kole\u017cance ALDONIE STRUZIK otrzymania odznaki, kt\u00f3r\u0105 odebra\u0142a z r\u0105k Wiceprezydenta Wroc\u0142awia Ryszarda Kesslera i Dyrektora Micha\u0142a Zadary. Koledze EDWINOWI PETRYKATOWI wr\u0119czy\u0142 dyplom uznania Pan Micha\u0142a Zadary, Dyrektor Teatr Polski we Wroc\u0142awiu. Wr\u0119czenia dokonano podczas Gali Wr\u0119czenia Nagr\u00f3d z okazji Mi\u0119dzynarodowego Dnia Teatru w dn. 27 marca [&hellip;]<\/p>\n","protected":false},"author":2,"featured_media":3429,"comment_status":"open","ping_status":"closed","sticky":false,"template":"","format":"standard","meta":{"_acf_changed":false,"_exactmetrics_skip_tracking":false,"_exactmetrics_sitenote_active":false,"_exactmetrics_sitenote_note":"","_exactmetrics_sitenote_category":0,"footnotes":""},"categories":[1],"tags":[],"class_list":["post-3407","post","type-post","status-publish","format-standard","has-post-thumbnail","hentry","category-informacje-dla-zarzadu-oddzialu"],"acf":[],"_links":{"self":[{"href":"https:\/\/zasp.pl\/wroclaw\/wp-json\/wp\/v2\/posts\/3407","targetHints":{"allow":["GET"]}}],"collection":[{"href":"https:\/\/zasp.pl\/wroclaw\/wp-json\/wp\/v2\/posts"}],"about":[{"href":"https:\/\/zasp.pl\/wroclaw\/wp-json\/wp\/v2\/types\/post"}],"author":[{"embeddable":true,"href":"https:\/\/zasp.pl\/wroclaw\/wp-json\/wp\/v2\/users\/2"}],"replies":[{"embeddable":true,"href":"https:\/\/zasp.pl\/wroclaw\/wp-json\/wp\/v2\/comments?post=3407"}],"version-history":[{"count":1,"href":"https:\/\/zasp.pl\/wroclaw\/wp-json\/wp\/v2\/posts\/3407\/revisions"}],"predecessor-version":[{"id":3432,"href":"https:\/\/zasp.pl\/wroclaw\/wp-json\/wp\/v2\/posts\/3407\/revisions\/3432"}],"wp:featuredmedia":[{"embeddable":true,"href":"https:\/\/zasp.pl\/wroclaw\/wp-json\/wp\/v2\/media\/3429"}],"wp:attachment":[{"href":"https:\/\/zasp.pl\/wroclaw\/wp-json\/wp\/v2\/media?parent=3407"}],"wp:term":[{"taxonomy":"category","embeddable":true,"href":"https:\/\/zasp.pl\/wroclaw\/wp-json\/wp\/v2\/categories?post=3407"},{"taxonomy":"post_tag","embeddable":true,"href":"https:\/\/zasp.pl\/wroclaw\/wp-json\/wp\/v2\/tags?post=3407"}],"curies":[{"name":"wp","href":"https:\/\/api.w.org\/{rel}","templated":true}]}}