{"id":3381,"date":"2026-03-31T16:03:49","date_gmt":"2026-03-31T14:03:49","guid":{"rendered":"https:\/\/zasp.pl\/wroclaw\/?p=3381"},"modified":"2026-03-31T16:03:49","modified_gmt":"2026-03-31T14:03:49","slug":"28-03-2026-benefis-anny-szopy-kimso-uroczystosc-wreczenie-gratulacji-przez-zarzad-zasp-oddz-we-wroclawiu","status":"publish","type":"post","link":"https:\/\/zasp.pl\/wroclaw\/2026\/03\/31\/28-03-2026-benefis-anny-szopy-kimso-uroczystosc-wreczenie-gratulacji-przez-zarzad-zasp-oddz-we-wroclawiu\/","title":{"rendered":"28.03.2026 &#8211; Benefis Anny Szopy-Kimso &#8211; uroczysto\u015b\u0107 wr\u0119czenie gratulacji przez Zarz\u0105d ZASP Oddz. we Wroc\u0142awiu"},"content":{"rendered":"<div class=\"xdj266r x14z9mp xat24cr x1lziwak x1vvkbs x126k92a\">\n<div dir=\"auto\">W dn. 28.03.2026 r. odby\u0142o si\u0119 w Operze Wroc\u0142awskiej przedstawienie baletowe &#8222;Romeo i Julia&#8221; S. Rrokofiewa, kt\u00f3re by\u0142a zarazem &#8222;Benefisem Anny Szopy-Kimso&#8221; zwi\u0105zanym z Jej 40-leciem pracy artystycznej.<\/div>\n<div dir=\"auto\">Przedstawiciele Zarz\u0105du ZASP Oddzia\u0142 we Wroc\u0142awiu w osobach prof. <span class=\"html-span xdj266r x14z9mp xat24cr x1lziwak xexx8yu xyri2b x18d9i69 x1c1uobl x1hl2dhg x16tdsg8 x1vvkbs\"><a class=\"x1i10hfl xjbqb8w x1ejq31n x18oe1m7 x1sy0etr xstzfhl x972fbf x10w94by x1qhh985 x14e42zd x9f619 x1ypdohk xt0psk2 x3ct3a4 xdj266r x14z9mp xat24cr x1lziwak xexx8yu xyri2b x18d9i69 x1c1uobl x16tdsg8 x1hl2dhg xggy1nq x1a2a7pz xkrqix3 x1sur9pj x1fey0fg x1s688f\" tabindex=\"0\" role=\"link\" href=\"https:\/\/www.facebook.com\/tadeusz.pszonka.73?__cft__[0]=AZYNgpekYw0BKvPLqzUso60t18jAakOdiFa8yV3AYPX0f67G2cUwDW758dqArrSZ6mtm_r4x3fj4o4Jr71i2P9oWp8xbGlhJzhDgCSeM9ELrMydM0JJqFjEq4KOJ-BrmQ3ynzJW4WYi8OvTileFE-592LUPW4AgsFhgTMdvdwWx36wQvOPQxMNaEf2radbuGOm4&amp;__tn__=-]K-R\"><span class=\"xt0psk2\"><span class=\"xjp7ctv\">Tadeusz Pszonka<\/span><\/span><\/a><\/span> &#8211; Przewodnicz\u0105cy, Urszula Drzewi\u0144ska &#8211; Zast\u0119pca Przewodnicz\u0105cego i <span class=\"html-span xdj266r x14z9mp xat24cr x1lziwak xexx8yu xyri2b x18d9i69 x1c1uobl x1hl2dhg x16tdsg8 x1vvkbs\"><a class=\"x1i10hfl xjbqb8w x1ejq31n x18oe1m7 x1sy0etr xstzfhl x972fbf x10w94by x1qhh985 x14e42zd x9f619 x1ypdohk xt0psk2 x3ct3a4 xdj266r x14z9mp xat24cr x1lziwak xexx8yu xyri2b x18d9i69 x1c1uobl x16tdsg8 x1hl2dhg xggy1nq x1a2a7pz xkrqix3 x1sur9pj x1fey0fg x1s688f\" tabindex=\"0\" role=\"link\" href=\"https:\/\/www.facebook.com\/maria.kijakrakowska.1?__cft__[0]=AZYNgpekYw0BKvPLqzUso60t18jAakOdiFa8yV3AYPX0f67G2cUwDW758dqArrSZ6mtm_r4x3fj4o4Jr71i2P9oWp8xbGlhJzhDgCSeM9ELrMydM0JJqFjEq4KOJ-BrmQ3ynzJW4WYi8OvTileFE-592LUPW4AgsFhgTMdvdwWx36wQvOPQxMNaEf2radbuGOm4&amp;__tn__=-]K-R\"><span class=\"xt0psk2\"><span class=\"xjp7ctv\">Maria Kijak-Rakowska<\/span><\/span><\/a><\/span> &#8211; Skarbnik na deskach opery przekazali Jubilatce podzi\u0119kowania i wr\u0119czyli kwiaty. By\u0142a to wyj\u0105tkowa chwila, niezwykle podnios\u0142a i wa\u017cna dla naszego artystycznego \u015brodowiska. Publiczno\u015b\u0107 na stoj\u0105co podzi\u0119kowa\u0142a Jubilatce za cztery dekady artystycznej pracy.<\/div>\n<div dir=\"auto\">Dzi\u0119kujemy Pani prof. Agnieszce Frank\u00f3w-\u017belazny Dyrektor Opery Wroc\u0142awskiej za organizacj\u0119 i mo\u017cliwo\u015b\u0107 wsp\u00f3lnego \u015bwi\u0119towania Jubileuszu naszej Kole\u017canki.<\/div>\n<\/div>\n<div class=\"x14z9mp xat24cr x1lziwak x1vvkbs xtlvy1s x126k92a\">\n<div dir=\"auto\">Zdj\u0119cia: Marek Grotowski<\/div>\n<div dir=\"auto\">Serdecznie dzi\u0119kujemy za pi\u0119kne zdj\u0119cia i uwiecznienie tego wspania\u0142ego wydarzenia.<\/div>\n<\/div>\n<div dir=\"auto\"><\/div>\n<div dir=\"auto\">\n<div id='gallery-1' class='gallery galleryid-3381 gallery-columns-1 gallery-size-large'><figure class='gallery-item'>\n\t\t\t<div class='gallery-icon landscape'>\n\t\t\t\t<a href='https:\/\/zasp.pl\/wroclaw\/2026\/03\/31\/28-03-2026-benefis-anny-szopy-kimso-uroczystosc-wreczenie-gratulacji-przez-zarzad-zasp-oddz-we-wroclawiu\/1-b700c588-4123-4302-b8ea-9b960d431669\/'><img fetchpriority=\"high\" decoding=\"async\" width=\"800\" height=\"534\" src=\"https:\/\/zasp.pl\/wroclaw\/wp-content\/uploads\/2026\/03\/1-b700c588-4123-4302-b8ea-9b960d431669-1024x683.jpg\" class=\"attachment-large size-large\" alt=\"\" srcset=\"https:\/\/zasp.pl\/wroclaw\/wp-content\/uploads\/2026\/03\/1-b700c588-4123-4302-b8ea-9b960d431669-1024x683.jpg 1024w, https:\/\/zasp.pl\/wroclaw\/wp-content\/uploads\/2026\/03\/1-b700c588-4123-4302-b8ea-9b960d431669-300x200.jpg 300w, https:\/\/zasp.pl\/wroclaw\/wp-content\/uploads\/2026\/03\/1-b700c588-4123-4302-b8ea-9b960d431669-768x512.jpg 768w, https:\/\/zasp.pl\/wroclaw\/wp-content\/uploads\/2026\/03\/1-b700c588-4123-4302-b8ea-9b960d431669-1536x1024.jpg 1536w, https:\/\/zasp.pl\/wroclaw\/wp-content\/uploads\/2026\/03\/1-b700c588-4123-4302-b8ea-9b960d431669.jpg 2048w\" sizes=\"(max-width: 800px) 100vw, 800px\" \/><\/a>\n\t\t\t<\/div><\/figure><figure class='gallery-item'>\n\t\t\t<div class='gallery-icon landscape'>\n\t\t\t\t<a href='https:\/\/zasp.pl\/wroclaw\/2026\/03\/31\/28-03-2026-benefis-anny-szopy-kimso-uroczystosc-wreczenie-gratulacji-przez-zarzad-zasp-oddz-we-wroclawiu\/1-74df7d6e-9095-45fd-9fda-11eef50e6bdf\/'><img decoding=\"async\" width=\"800\" height=\"534\" src=\"https:\/\/zasp.pl\/wroclaw\/wp-content\/uploads\/2026\/03\/1-74df7d6e-9095-45fd-9fda-11eef50e6bdf-1024x683.jpg\" class=\"attachment-large size-large\" alt=\"\" srcset=\"https:\/\/zasp.pl\/wroclaw\/wp-content\/uploads\/2026\/03\/1-74df7d6e-9095-45fd-9fda-11eef50e6bdf-1024x683.jpg 1024w, https:\/\/zasp.pl\/wroclaw\/wp-content\/uploads\/2026\/03\/1-74df7d6e-9095-45fd-9fda-11eef50e6bdf-300x200.jpg 300w, https:\/\/zasp.pl\/wroclaw\/wp-content\/uploads\/2026\/03\/1-74df7d6e-9095-45fd-9fda-11eef50e6bdf-768x512.jpg 768w, https:\/\/zasp.pl\/wroclaw\/wp-content\/uploads\/2026\/03\/1-74df7d6e-9095-45fd-9fda-11eef50e6bdf-1536x1024.jpg 1536w, https:\/\/zasp.pl\/wroclaw\/wp-content\/uploads\/2026\/03\/1-74df7d6e-9095-45fd-9fda-11eef50e6bdf.jpg 2048w\" sizes=\"(max-width: 800px) 100vw, 800px\" \/><\/a>\n\t\t\t<\/div><\/figure><figure class='gallery-item'>\n\t\t\t<div class='gallery-icon landscape'>\n\t\t\t\t<a href='https:\/\/zasp.pl\/wroclaw\/2026\/03\/31\/28-03-2026-benefis-anny-szopy-kimso-uroczystosc-wreczenie-gratulacji-przez-zarzad-zasp-oddz-we-wroclawiu\/1-047e2354-a48e-4d90-a260-d84e54daa884\/'><img decoding=\"async\" width=\"800\" height=\"534\" src=\"https:\/\/zasp.pl\/wroclaw\/wp-content\/uploads\/2026\/03\/1-047e2354-a48e-4d90-a260-d84e54daa884-1024x683.jpg\" class=\"attachment-large size-large\" alt=\"\" srcset=\"https:\/\/zasp.pl\/wroclaw\/wp-content\/uploads\/2026\/03\/1-047e2354-a48e-4d90-a260-d84e54daa884-1024x683.jpg 1024w, https:\/\/zasp.pl\/wroclaw\/wp-content\/uploads\/2026\/03\/1-047e2354-a48e-4d90-a260-d84e54daa884-300x200.jpg 300w, https:\/\/zasp.pl\/wroclaw\/wp-content\/uploads\/2026\/03\/1-047e2354-a48e-4d90-a260-d84e54daa884-768x512.jpg 768w, https:\/\/zasp.pl\/wroclaw\/wp-content\/uploads\/2026\/03\/1-047e2354-a48e-4d90-a260-d84e54daa884-1536x1024.jpg 1536w, https:\/\/zasp.pl\/wroclaw\/wp-content\/uploads\/2026\/03\/1-047e2354-a48e-4d90-a260-d84e54daa884.jpg 2048w\" sizes=\"(max-width: 800px) 100vw, 800px\" \/><\/a>\n\t\t\t<\/div><\/figure><figure class='gallery-item'>\n\t\t\t<div class='gallery-icon landscape'>\n\t\t\t\t<a href='https:\/\/zasp.pl\/wroclaw\/2026\/03\/31\/28-03-2026-benefis-anny-szopy-kimso-uroczystosc-wreczenie-gratulacji-przez-zarzad-zasp-oddz-we-wroclawiu\/1-6b60bb2e-b6ff-4c2d-a639-baa1c265c630\/'><img loading=\"lazy\" decoding=\"async\" width=\"800\" height=\"534\" src=\"https:\/\/zasp.pl\/wroclaw\/wp-content\/uploads\/2026\/03\/1-6b60bb2e-b6ff-4c2d-a639-baa1c265c630-1024x683.jpg\" class=\"attachment-large size-large\" alt=\"\" srcset=\"https:\/\/zasp.pl\/wroclaw\/wp-content\/uploads\/2026\/03\/1-6b60bb2e-b6ff-4c2d-a639-baa1c265c630-1024x683.jpg 1024w, https:\/\/zasp.pl\/wroclaw\/wp-content\/uploads\/2026\/03\/1-6b60bb2e-b6ff-4c2d-a639-baa1c265c630-300x200.jpg 300w, https:\/\/zasp.pl\/wroclaw\/wp-content\/uploads\/2026\/03\/1-6b60bb2e-b6ff-4c2d-a639-baa1c265c630-768x512.jpg 768w, https:\/\/zasp.pl\/wroclaw\/wp-content\/uploads\/2026\/03\/1-6b60bb2e-b6ff-4c2d-a639-baa1c265c630-1536x1024.jpg 1536w, https:\/\/zasp.pl\/wroclaw\/wp-content\/uploads\/2026\/03\/1-6b60bb2e-b6ff-4c2d-a639-baa1c265c630.jpg 2048w\" sizes=\"(max-width: 800px) 100vw, 800px\" \/><\/a>\n\t\t\t<\/div><\/figure><figure class='gallery-item'>\n\t\t\t<div class='gallery-icon landscape'>\n\t\t\t\t<a href='https:\/\/zasp.pl\/wroclaw\/2026\/03\/31\/28-03-2026-benefis-anny-szopy-kimso-uroczystosc-wreczenie-gratulacji-przez-zarzad-zasp-oddz-we-wroclawiu\/1-5de3169f-8927-4aa1-bca1-0fe00cdc011e\/'><img loading=\"lazy\" decoding=\"async\" width=\"800\" height=\"534\" src=\"https:\/\/zasp.pl\/wroclaw\/wp-content\/uploads\/2026\/03\/1-5de3169f-8927-4aa1-bca1-0fe00cdc011e-1024x683.jpg\" class=\"attachment-large size-large\" alt=\"\" srcset=\"https:\/\/zasp.pl\/wroclaw\/wp-content\/uploads\/2026\/03\/1-5de3169f-8927-4aa1-bca1-0fe00cdc011e-1024x683.jpg 1024w, https:\/\/zasp.pl\/wroclaw\/wp-content\/uploads\/2026\/03\/1-5de3169f-8927-4aa1-bca1-0fe00cdc011e-300x200.jpg 300w, https:\/\/zasp.pl\/wroclaw\/wp-content\/uploads\/2026\/03\/1-5de3169f-8927-4aa1-bca1-0fe00cdc011e-768x512.jpg 768w, https:\/\/zasp.pl\/wroclaw\/wp-content\/uploads\/2026\/03\/1-5de3169f-8927-4aa1-bca1-0fe00cdc011e-1536x1024.jpg 1536w, https:\/\/zasp.pl\/wroclaw\/wp-content\/uploads\/2026\/03\/1-5de3169f-8927-4aa1-bca1-0fe00cdc011e.jpg 2048w\" sizes=\"(max-width: 800px) 100vw, 800px\" \/><\/a>\n\t\t\t<\/div><\/figure>\n\t\t<\/div>\n\n<\/div>\n","protected":false},"excerpt":{"rendered":"<p>W dn. 28.03.2026 r. odby\u0142o si\u0119 w Operze Wroc\u0142awskiej przedstawienie baletowe &#8222;Romeo i Julia&#8221; S. Rrokofiewa, kt\u00f3re by\u0142a zarazem &#8222;Benefisem Anny Szopy-Kimso&#8221; zwi\u0105zanym z Jej 40-leciem pracy artystycznej. Przedstawiciele Zarz\u0105du ZASP Oddzia\u0142 we Wroc\u0142awiu w osobach prof. Tadeusz Pszonka &#8211; Przewodnicz\u0105cy, Urszula Drzewi\u0144ska &#8211; Zast\u0119pca Przewodnicz\u0105cego i Maria Kijak-Rakowska &#8211; Skarbnik na deskach opery przekazali [&hellip;]<\/p>\n","protected":false},"author":2,"featured_media":3386,"comment_status":"open","ping_status":"closed","sticky":false,"template":"","format":"standard","meta":{"_acf_changed":false,"_exactmetrics_skip_tracking":false,"_exactmetrics_sitenote_active":false,"_exactmetrics_sitenote_note":"","_exactmetrics_sitenote_category":0,"footnotes":""},"categories":[11],"tags":[],"class_list":["post-3381","post","type-post","status-publish","format-standard","has-post-thumbnail","hentry","category-wydarzenia"],"acf":[],"_links":{"self":[{"href":"https:\/\/zasp.pl\/wroclaw\/wp-json\/wp\/v2\/posts\/3381","targetHints":{"allow":["GET"]}}],"collection":[{"href":"https:\/\/zasp.pl\/wroclaw\/wp-json\/wp\/v2\/posts"}],"about":[{"href":"https:\/\/zasp.pl\/wroclaw\/wp-json\/wp\/v2\/types\/post"}],"author":[{"embeddable":true,"href":"https:\/\/zasp.pl\/wroclaw\/wp-json\/wp\/v2\/users\/2"}],"replies":[{"embeddable":true,"href":"https:\/\/zasp.pl\/wroclaw\/wp-json\/wp\/v2\/comments?post=3381"}],"version-history":[{"count":1,"href":"https:\/\/zasp.pl\/wroclaw\/wp-json\/wp\/v2\/posts\/3381\/revisions"}],"predecessor-version":[{"id":3387,"href":"https:\/\/zasp.pl\/wroclaw\/wp-json\/wp\/v2\/posts\/3381\/revisions\/3387"}],"wp:featuredmedia":[{"embeddable":true,"href":"https:\/\/zasp.pl\/wroclaw\/wp-json\/wp\/v2\/media\/3386"}],"wp:attachment":[{"href":"https:\/\/zasp.pl\/wroclaw\/wp-json\/wp\/v2\/media?parent=3381"}],"wp:term":[{"taxonomy":"category","embeddable":true,"href":"https:\/\/zasp.pl\/wroclaw\/wp-json\/wp\/v2\/categories?post=3381"},{"taxonomy":"post_tag","embeddable":true,"href":"https:\/\/zasp.pl\/wroclaw\/wp-json\/wp\/v2\/tags?post=3381"}],"curies":[{"name":"wp","href":"https:\/\/api.w.org\/{rel}","templated":true}]}}