{"id":3357,"date":"2026-03-20T08:35:14","date_gmt":"2026-03-20T07:35:14","guid":{"rendered":"https:\/\/zasp.pl\/wroclaw\/?p=3357"},"modified":"2026-03-20T08:48:37","modified_gmt":"2026-03-20T07:48:37","slug":"do-20-04-2026-nabor-kandydatow-do-nagrody-oddzialu-zasp-we-wroclawiu-z-okazji-dnia-artysty-spiewaka","status":"publish","type":"post","link":"https:\/\/zasp.pl\/wroclaw\/2026\/03\/20\/do-20-04-2026-nabor-kandydatow-do-nagrody-oddzialu-zasp-we-wroclawiu-z-okazji-dnia-artysty-spiewaka\/","title":{"rendered":"DO 20.04.2026 nab\u00f3r kandydat\u00f3w do NAGRODY ODDZIA\u0141U ZASP WE WROC\u0141AWIU Z OKAZJI DNIA ARTYSTY \u015aPIEWAKA"},"content":{"rendered":"<p>Zarz\u0105d Oddzia\u0142u<br \/>\nZwi\u0105zku Artyst\u00f3w Scen Polskich<br \/>\nwe Wroc\u0142awiu<br \/>\nog\u0142asza\u00a0<strong>nab\u00f3r kandydat\u00f3w do<\/strong><br \/>\n<strong>NAGRODY ODDZIA\u0141U<\/strong><br \/>\n<strong>ZWI\u0104ZKU ARTYST\u00d3W SCEN POLSKICH ZASP<\/strong><br \/>\n<strong>&#8211; STOWARZYSZENIA WE WROC\u0141AWIU<\/strong><br \/>\n<strong>Z OKAZJI DNIA ARTYSTY \u015aPIEWAKA<\/strong><\/p>\n<p>*<br \/>\nBiuro Oddzia\u0142u ZASP<br \/>\nwe Wroc\u0142awiu<br \/>\nprzyjmuje zg\u0142oszenia mailowo lub osobi\u015bcie<br \/>\n<strong>do 20 kwietnia 2026 r.<\/strong><br \/>\nKandydat\u00f3w mog\u0105 zg\u0142asza\u0107<br \/>\nCz\u0142onkinie i Cz\u0142onkowie Oddzia\u0142u!<\/p>\n<p>*<br \/>\nProjekt sfinansowany ze \u015brodk\u00f3w<br \/>\nFunduszy SKE ZASP &#8211; Program Kultura<\/p>\n<p>&nbsp;<\/p>\n<div id='gallery-1' class='gallery galleryid-3357 gallery-columns-2 gallery-size-large'><figure class='gallery-item'>\n\t\t\t<div class='gallery-icon portrait'>\n\t\t\t\t<a href='https:\/\/zasp.pl\/wroclaw\/2026\/03\/20\/do-20-04-2026-nabor-kandydatow-do-nagrody-oddzialu-zasp-we-wroclawiu-z-okazji-dnia-artysty-spiewaka\/2026-04-20-dzien-artysty-spiewaka-plakat-ogloszenie-naboru\/'><img fetchpriority=\"high\" decoding=\"async\" width=\"718\" height=\"1024\" src=\"https:\/\/zasp.pl\/wroclaw\/wp-content\/uploads\/2026\/03\/2026.04.20-Dzien-Artysty-Spiewaka-PLAKAT-OGLOSZENIE-NABORU-718x1024.jpg\" class=\"attachment-large size-large\" alt=\"\" srcset=\"https:\/\/zasp.pl\/wroclaw\/wp-content\/uploads\/2026\/03\/2026.04.20-Dzien-Artysty-Spiewaka-PLAKAT-OGLOSZENIE-NABORU-718x1024.jpg 718w, https:\/\/zasp.pl\/wroclaw\/wp-content\/uploads\/2026\/03\/2026.04.20-Dzien-Artysty-Spiewaka-PLAKAT-OGLOSZENIE-NABORU-210x300.jpg 210w, https:\/\/zasp.pl\/wroclaw\/wp-content\/uploads\/2026\/03\/2026.04.20-Dzien-Artysty-Spiewaka-PLAKAT-OGLOSZENIE-NABORU-768x1095.jpg 768w, https:\/\/zasp.pl\/wroclaw\/wp-content\/uploads\/2026\/03\/2026.04.20-Dzien-Artysty-Spiewaka-PLAKAT-OGLOSZENIE-NABORU.jpg 916w\" sizes=\"(max-width: 718px) 100vw, 718px\" \/><\/a>\n\t\t\t<\/div><\/figure><figure class='gallery-item'>\n\t\t\t<div class='gallery-icon portrait'>\n\t\t\t\t<a href='https:\/\/zasp.pl\/wroclaw\/2026\/03\/20\/do-20-04-2026-nabor-kandydatow-do-nagrody-oddzialu-zasp-we-wroclawiu-z-okazji-dnia-artysty-spiewaka\/2026-04-20-regulamin-nagrody-d-a-spiewaka-str-1\/'><img decoding=\"async\" width=\"718\" height=\"1024\" src=\"https:\/\/zasp.pl\/wroclaw\/wp-content\/uploads\/2026\/03\/2026.04.20-Regulamin-Nagrody-D.A.Spiewaka-str.-1-718x1024.jpg\" class=\"attachment-large size-large\" alt=\"\" srcset=\"https:\/\/zasp.pl\/wroclaw\/wp-content\/uploads\/2026\/03\/2026.04.20-Regulamin-Nagrody-D.A.Spiewaka-str.-1-718x1024.jpg 718w, https:\/\/zasp.pl\/wroclaw\/wp-content\/uploads\/2026\/03\/2026.04.20-Regulamin-Nagrody-D.A.Spiewaka-str.-1-210x300.jpg 210w, https:\/\/zasp.pl\/wroclaw\/wp-content\/uploads\/2026\/03\/2026.04.20-Regulamin-Nagrody-D.A.Spiewaka-str.-1-768x1095.jpg 768w, https:\/\/zasp.pl\/wroclaw\/wp-content\/uploads\/2026\/03\/2026.04.20-Regulamin-Nagrody-D.A.Spiewaka-str.-1-1077x1536.jpg 1077w, https:\/\/zasp.pl\/wroclaw\/wp-content\/uploads\/2026\/03\/2026.04.20-Regulamin-Nagrody-D.A.Spiewaka-str.-1.jpg 1412w\" sizes=\"(max-width: 718px) 100vw, 718px\" \/><\/a>\n\t\t\t<\/div><\/figure><figure class='gallery-item'>\n\t\t\t<div class='gallery-icon portrait'>\n\t\t\t\t<a href='https:\/\/zasp.pl\/wroclaw\/2026\/03\/20\/do-20-04-2026-nabor-kandydatow-do-nagrody-oddzialu-zasp-we-wroclawiu-z-okazji-dnia-artysty-spiewaka\/2026-04-20-regulamin-nagrody-d-a-spiewaka-str-2\/'><img decoding=\"async\" width=\"719\" height=\"1024\" src=\"https:\/\/zasp.pl\/wroclaw\/wp-content\/uploads\/2026\/03\/2026.04.20-Regulamin-Nagrody-D.A.Spiewaka-str.-2-719x1024.jpg\" class=\"attachment-large size-large\" alt=\"\" srcset=\"https:\/\/zasp.pl\/wroclaw\/wp-content\/uploads\/2026\/03\/2026.04.20-Regulamin-Nagrody-D.A.Spiewaka-str.-2-719x1024.jpg 719w, https:\/\/zasp.pl\/wroclaw\/wp-content\/uploads\/2026\/03\/2026.04.20-Regulamin-Nagrody-D.A.Spiewaka-str.-2-211x300.jpg 211w, https:\/\/zasp.pl\/wroclaw\/wp-content\/uploads\/2026\/03\/2026.04.20-Regulamin-Nagrody-D.A.Spiewaka-str.-2-768x1094.jpg 768w, https:\/\/zasp.pl\/wroclaw\/wp-content\/uploads\/2026\/03\/2026.04.20-Regulamin-Nagrody-D.A.Spiewaka-str.-2-1078x1536.jpg 1078w, https:\/\/zasp.pl\/wroclaw\/wp-content\/uploads\/2026\/03\/2026.04.20-Regulamin-Nagrody-D.A.Spiewaka-str.-2.jpg 1409w\" sizes=\"(max-width: 719px) 100vw, 719px\" \/><\/a>\n\t\t\t<\/div><\/figure><figure class='gallery-item'>\n\t\t\t<div class='gallery-icon portrait'>\n\t\t\t\t<a href='https:\/\/zasp.pl\/wroclaw\/2026\/03\/20\/do-20-04-2026-nabor-kandydatow-do-nagrody-oddzialu-zasp-we-wroclawiu-z-okazji-dnia-artysty-spiewaka\/2026-04-20-regulamin-nagrody-d-a-spiewaka-str-3\/'><img loading=\"lazy\" decoding=\"async\" width=\"718\" height=\"1024\" src=\"https:\/\/zasp.pl\/wroclaw\/wp-content\/uploads\/2026\/03\/2026.04.20-Regulamin-Nagrody-D.A.Spiewaka-str.-3-718x1024.jpg\" class=\"attachment-large size-large\" alt=\"\" srcset=\"https:\/\/zasp.pl\/wroclaw\/wp-content\/uploads\/2026\/03\/2026.04.20-Regulamin-Nagrody-D.A.Spiewaka-str.-3-718x1024.jpg 718w, https:\/\/zasp.pl\/wroclaw\/wp-content\/uploads\/2026\/03\/2026.04.20-Regulamin-Nagrody-D.A.Spiewaka-str.-3-210x300.jpg 210w, https:\/\/zasp.pl\/wroclaw\/wp-content\/uploads\/2026\/03\/2026.04.20-Regulamin-Nagrody-D.A.Spiewaka-str.-3-768x1096.jpg 768w, https:\/\/zasp.pl\/wroclaw\/wp-content\/uploads\/2026\/03\/2026.04.20-Regulamin-Nagrody-D.A.Spiewaka-str.-3-1076x1536.jpg 1076w, https:\/\/zasp.pl\/wroclaw\/wp-content\/uploads\/2026\/03\/2026.04.20-Regulamin-Nagrody-D.A.Spiewaka-str.-3.jpg 1408w\" sizes=\"(max-width: 718px) 100vw, 718px\" \/><\/a>\n\t\t\t<\/div><\/figure>\n\t\t<\/div>\n\n","protected":false},"excerpt":{"rendered":"<p>Zarz\u0105d Oddzia\u0142u Zwi\u0105zku Artyst\u00f3w Scen Polskich we Wroc\u0142awiu og\u0142asza\u00a0nab\u00f3r kandydat\u00f3w do NAGRODY ODDZIA\u0141U ZWI\u0104ZKU ARTYST\u00d3W SCEN POLSKICH ZASP &#8211; STOWARZYSZENIA WE WROC\u0141AWIU Z OKAZJI DNIA ARTYSTY \u015aPIEWAKA * Biuro Oddzia\u0142u ZASP we Wroc\u0142awiu przyjmuje zg\u0142oszenia mailowo lub osobi\u015bcie do 20 kwietnia 2026 r. Kandydat\u00f3w mog\u0105 zg\u0142asza\u0107 Cz\u0142onkinie i Cz\u0142onkowie Oddzia\u0142u! * Projekt sfinansowany ze \u015brodk\u00f3w [&hellip;]<\/p>\n","protected":false},"author":2,"featured_media":3358,"comment_status":"open","ping_status":"closed","sticky":false,"template":"","format":"standard","meta":{"_acf_changed":false,"_exactmetrics_skip_tracking":false,"_exactmetrics_sitenote_active":false,"_exactmetrics_sitenote_note":"","_exactmetrics_sitenote_category":0,"footnotes":""},"categories":[10],"tags":[],"class_list":["post-3357","post","type-post","status-publish","format-standard","has-post-thumbnail","hentry","category-aktualnosci"],"acf":[],"_links":{"self":[{"href":"https:\/\/zasp.pl\/wroclaw\/wp-json\/wp\/v2\/posts\/3357","targetHints":{"allow":["GET"]}}],"collection":[{"href":"https:\/\/zasp.pl\/wroclaw\/wp-json\/wp\/v2\/posts"}],"about":[{"href":"https:\/\/zasp.pl\/wroclaw\/wp-json\/wp\/v2\/types\/post"}],"author":[{"embeddable":true,"href":"https:\/\/zasp.pl\/wroclaw\/wp-json\/wp\/v2\/users\/2"}],"replies":[{"embeddable":true,"href":"https:\/\/zasp.pl\/wroclaw\/wp-json\/wp\/v2\/comments?post=3357"}],"version-history":[{"count":3,"href":"https:\/\/zasp.pl\/wroclaw\/wp-json\/wp\/v2\/posts\/3357\/revisions"}],"predecessor-version":[{"id":3364,"href":"https:\/\/zasp.pl\/wroclaw\/wp-json\/wp\/v2\/posts\/3357\/revisions\/3364"}],"wp:featuredmedia":[{"embeddable":true,"href":"https:\/\/zasp.pl\/wroclaw\/wp-json\/wp\/v2\/media\/3358"}],"wp:attachment":[{"href":"https:\/\/zasp.pl\/wroclaw\/wp-json\/wp\/v2\/media?parent=3357"}],"wp:term":[{"taxonomy":"category","embeddable":true,"href":"https:\/\/zasp.pl\/wroclaw\/wp-json\/wp\/v2\/categories?post=3357"},{"taxonomy":"post_tag","embeddable":true,"href":"https:\/\/zasp.pl\/wroclaw\/wp-json\/wp\/v2\/tags?post=3357"}],"curies":[{"name":"wp","href":"https:\/\/api.w.org\/{rel}","templated":true}]}}