{"id":3340,"date":"2026-03-04T07:07:23","date_gmt":"2026-03-04T06:07:23","guid":{"rendered":"https:\/\/zasp.pl\/wroclaw\/?p=3340"},"modified":"2026-03-04T07:07:44","modified_gmt":"2026-03-04T06:07:44","slug":"23-03-2026-posiedzenie-zarzadu-oddzialu-zasp-we-wroclawiu","status":"publish","type":"post","link":"https:\/\/zasp.pl\/wroclaw\/2026\/03\/04\/23-03-2026-posiedzenie-zarzadu-oddzialu-zasp-we-wroclawiu\/","title":{"rendered":"23.03.2026 &#8211; POSIEDZENIE ZARZ\u0104DU ODDZIA\u0141U ZASP WE WROC\u0141AWIU"},"content":{"rendered":"<div class=\"xdj266r x14z9mp xat24cr x1lziwak x1vvkbs x126k92a\">\n<div dir=\"auto\">Serdecznie zapraszam Cz\u0142onk\u00f3w Zarz\u0105du na<\/div>\n<div dir=\"auto\">POSIEDZENIE ZARZ\u0104DU ODDZIA\u0141U ZASP<\/div>\n<div dir=\"auto\">WE WROC\u0141AWIU<\/div>\n<div dir=\"auto\">w dn. 23.03.2026 r. godz. 10.30 (poniedzia\u0142ek).<\/div>\n<div dir=\"auto\">Posiedzenie odb\u0119dzie si\u0119 w trybie zdalnym.<\/div>\n<div dir=\"auto\"><\/div>\n<\/div>\n<div class=\"x14z9mp xat24cr x1lziwak x1vvkbs xtlvy1s x126k92a\">\n<div dir=\"auto\">Z powa\u017caniem<\/div>\n<div dir=\"auto\">prof. dr hab. Tadeusz Pszonka &#8211; Przewodnicz\u0105cy Zarz\u0105du<\/div>\n<\/div>\n<div dir=\"auto\">*<\/div>\n<div dir=\"auto\">*<\/div>\n<div dir=\"auto\">\n<div id='gallery-1' class='gallery galleryid-3340 gallery-columns-1 gallery-size-large'><figure class='gallery-item'>\n\t\t\t<div class='gallery-icon portrait'>\n\t\t\t\t<a href='https:\/\/zasp.pl\/wroclaw\/?attachment_id=3338'><img fetchpriority=\"high\" decoding=\"async\" width=\"716\" height=\"1024\" src=\"https:\/\/zasp.pl\/wroclaw\/wp-content\/uploads\/2026\/03\/2026.03.23-Posiedzenie-Zarzadu-ZASP-Oddz.-we-Wroc-laiu-PLAKAT-716x1024.jpg\" class=\"attachment-large size-large\" alt=\"\" srcset=\"https:\/\/zasp.pl\/wroclaw\/wp-content\/uploads\/2026\/03\/2026.03.23-Posiedzenie-Zarzadu-ZASP-Oddz.-we-Wroc-laiu-PLAKAT-716x1024.jpg 716w, https:\/\/zasp.pl\/wroclaw\/wp-content\/uploads\/2026\/03\/2026.03.23-Posiedzenie-Zarzadu-ZASP-Oddz.-we-Wroc-laiu-PLAKAT-210x300.jpg 210w, https:\/\/zasp.pl\/wroclaw\/wp-content\/uploads\/2026\/03\/2026.03.23-Posiedzenie-Zarzadu-ZASP-Oddz.-we-Wroc-laiu-PLAKAT-768x1099.jpg 768w, https:\/\/zasp.pl\/wroclaw\/wp-content\/uploads\/2026\/03\/2026.03.23-Posiedzenie-Zarzadu-ZASP-Oddz.-we-Wroc-laiu-PLAKAT.jpg 914w\" sizes=\"(max-width: 716px) 100vw, 716px\" \/><\/a>\n\t\t\t<\/div><\/figure>\n\t\t<\/div>\n\n<\/div>\n<div dir=\"auto\"><\/div>\n","protected":false},"excerpt":{"rendered":"<p>Serdecznie zapraszam Cz\u0142onk\u00f3w Zarz\u0105du na POSIEDZENIE ZARZ\u0104DU ODDZIA\u0141U ZASP WE WROC\u0141AWIU w dn. 23.03.2026 r. godz. 10.30 (poniedzia\u0142ek). Posiedzenie odb\u0119dzie si\u0119 w trybie zdalnym. Z powa\u017caniem prof. dr hab. Tadeusz Pszonka &#8211; Przewodnicz\u0105cy Zarz\u0105du * *<\/p>\n","protected":false},"author":2,"featured_media":3338,"comment_status":"open","ping_status":"closed","sticky":false,"template":"","format":"standard","meta":{"_acf_changed":false,"_exactmetrics_skip_tracking":false,"_exactmetrics_sitenote_active":false,"_exactmetrics_sitenote_note":"","_exactmetrics_sitenote_category":0,"footnotes":""},"categories":[1],"tags":[],"class_list":["post-3340","post","type-post","status-publish","format-standard","has-post-thumbnail","hentry","category-informacje-dla-zarzadu-oddzialu"],"acf":[],"_links":{"self":[{"href":"https:\/\/zasp.pl\/wroclaw\/wp-json\/wp\/v2\/posts\/3340","targetHints":{"allow":["GET"]}}],"collection":[{"href":"https:\/\/zasp.pl\/wroclaw\/wp-json\/wp\/v2\/posts"}],"about":[{"href":"https:\/\/zasp.pl\/wroclaw\/wp-json\/wp\/v2\/types\/post"}],"author":[{"embeddable":true,"href":"https:\/\/zasp.pl\/wroclaw\/wp-json\/wp\/v2\/users\/2"}],"replies":[{"embeddable":true,"href":"https:\/\/zasp.pl\/wroclaw\/wp-json\/wp\/v2\/comments?post=3340"}],"version-history":[{"count":1,"href":"https:\/\/zasp.pl\/wroclaw\/wp-json\/wp\/v2\/posts\/3340\/revisions"}],"predecessor-version":[{"id":3341,"href":"https:\/\/zasp.pl\/wroclaw\/wp-json\/wp\/v2\/posts\/3340\/revisions\/3341"}],"wp:featuredmedia":[{"embeddable":true,"href":"https:\/\/zasp.pl\/wroclaw\/wp-json\/wp\/v2\/media\/3338"}],"wp:attachment":[{"href":"https:\/\/zasp.pl\/wroclaw\/wp-json\/wp\/v2\/media?parent=3340"}],"wp:term":[{"taxonomy":"category","embeddable":true,"href":"https:\/\/zasp.pl\/wroclaw\/wp-json\/wp\/v2\/categories?post=3340"},{"taxonomy":"post_tag","embeddable":true,"href":"https:\/\/zasp.pl\/wroclaw\/wp-json\/wp\/v2\/tags?post=3340"}],"curies":[{"name":"wp","href":"https:\/\/api.w.org\/{rel}","templated":true}]}}