{"id":3230,"date":"2026-02-21T18:01:33","date_gmt":"2026-02-21T17:01:33","guid":{"rendered":"https:\/\/zasp.pl\/wroclaw\/?p=3230"},"modified":"2026-02-22T20:24:34","modified_gmt":"2026-02-22T19:24:34","slug":"50-lat-pracy-artystycznej-we-wroclawiu-kolegi-edwina-petrykata-fotoreportaz","status":"publish","type":"post","link":"https:\/\/zasp.pl\/wroclaw\/2026\/02\/21\/50-lat-pracy-artystycznej-we-wroclawiu-kolegi-edwina-petrykata-fotoreportaz\/","title":{"rendered":"50. lat pracy artystycznej we Wroc\u0142awiu Kolegi EDWINA PETRYKATA &#8211; fotoreporta\u017c"},"content":{"rendered":"<div dir=\"auto\">19.02.2026 r. o godz. 18.00 w Muzeum Teatru we Wroc\u0142awiu (Plac Wolno\u015bci) doby\u0142o si\u0119 zdarzenie poetycko &#8211; muzyczne z okazji 50. lat pracy artystycznej we Wroc\u0142awiu Kolego EDWINA PETRYKATA.<br \/>\nWyj\u0105tkowa uroczysto\u015b\u0107 i pi\u0119kne chwile dla artysty zwi\u0105zanego z Wroc\u0142awiem przez p\u00f3\u0142 wieku.<br \/>\nW\u0142adze miasta i regionu doceni\u0142y Szanownego Jubilata licznymi nagrodami. W\u015br\u00f3d nich by\u0142 medal \u201eZas\u0142u\u017cony dla Wroc\u0142awia\u201d (Wratislavia Grato) to presti\u017cowe wyr\u00f3\u017cnienie przyznawane jest przez Prezydenta Wroc\u0142awia osobom za wybitne zas\u0142ugi dla miasta. Medal w imieniu Prezydenta Wroc\u0142awia Jacka Sutryka wr\u0119czy\u0142 Dyrektor Departament Kultury i Sportu Jaros\u0142aw Perduta.<br \/>\nNa uroczysto\u015bci by\u0142 tak\u017ce Cz\u0142onek Zarz\u0105du UMWD Pan Jaros\u0142aw Rabczenko i Pani Izabela Kurc-Kuriata Dyrektor Departamentu Kultury i Dziedzictwa Kulturowego Urz\u0119du Marsza\u0142kowskiego Wojew\u00f3dztwa Dolno\u015bl\u0105skiego.<br \/>\n*<br \/>\nSerdecznie dzi\u0119kujemy za zaproszenie Szanowny Koledze. Na uroczysto\u015bci z ramienia ZASP Oddz. we Wroc\u0142awiu uczestniczyli Urszula Drzewi\u0144ska &#8211; zast\u0119pca przewodnicz\u0105cego i prof. Tadeusz Pszonka &#8211; przewodnicz\u0105cy Oddzia\u0142u.<br \/>\n*<br \/>\nSk\u0142adamy wyrazu podziwu i uznania, \u017cycz\u0105c jednocze\u015bnie wielu lat na scenach wroc\u0142awskich teatr\u00f3w.<\/div>\n<div dir=\"auto\"><\/div>\n<div dir=\"auto\">\n<div id='gallery-1' class='gallery galleryid-3230 gallery-columns-3 gallery-size-medium'><figure class='gallery-item'>\n\t\t\t<div class='gallery-icon landscape'>\n\t\t\t\t<a href='https:\/\/zasp.pl\/wroclaw\/2026\/02\/21\/50-lat-pracy-artystycznej-we-wroclawiu-kolegi-edwina-petrykata-fotoreportaz\/637687576_2169235957237950_4902725370949376867_n\/'><img fetchpriority=\"high\" decoding=\"async\" width=\"300\" height=\"225\" src=\"https:\/\/zasp.pl\/wroclaw\/wp-content\/uploads\/2026\/02\/637687576_2169235957237950_4902725370949376867_n-300x225.jpg\" class=\"attachment-medium size-medium\" alt=\"\" srcset=\"https:\/\/zasp.pl\/wroclaw\/wp-content\/uploads\/2026\/02\/637687576_2169235957237950_4902725370949376867_n-300x225.jpg 300w, https:\/\/zasp.pl\/wroclaw\/wp-content\/uploads\/2026\/02\/637687576_2169235957237950_4902725370949376867_n-1024x768.jpg 1024w, https:\/\/zasp.pl\/wroclaw\/wp-content\/uploads\/2026\/02\/637687576_2169235957237950_4902725370949376867_n-768x576.jpg 768w, https:\/\/zasp.pl\/wroclaw\/wp-content\/uploads\/2026\/02\/637687576_2169235957237950_4902725370949376867_n-1536x1152.jpg 1536w, https:\/\/zasp.pl\/wroclaw\/wp-content\/uploads\/2026\/02\/637687576_2169235957237950_4902725370949376867_n.jpg 2048w\" sizes=\"(max-width: 300px) 100vw, 300px\" \/><\/a>\n\t\t\t<\/div><\/figure><figure class='gallery-item'>\n\t\t\t<div class='gallery-icon landscape'>\n\t\t\t\t<a href='https:\/\/zasp.pl\/wroclaw\/2026\/02\/21\/50-lat-pracy-artystycznej-we-wroclawiu-kolegi-edwina-petrykata-fotoreportaz\/639158833_2169235577237988_1145846506214358342_n\/'><img decoding=\"async\" width=\"300\" height=\"225\" src=\"https:\/\/zasp.pl\/wroclaw\/wp-content\/uploads\/2026\/02\/639158833_2169235577237988_1145846506214358342_n-300x225.jpg\" class=\"attachment-medium size-medium\" alt=\"\" srcset=\"https:\/\/zasp.pl\/wroclaw\/wp-content\/uploads\/2026\/02\/639158833_2169235577237988_1145846506214358342_n-300x225.jpg 300w, https:\/\/zasp.pl\/wroclaw\/wp-content\/uploads\/2026\/02\/639158833_2169235577237988_1145846506214358342_n-1024x768.jpg 1024w, https:\/\/zasp.pl\/wroclaw\/wp-content\/uploads\/2026\/02\/639158833_2169235577237988_1145846506214358342_n-768x576.jpg 768w, https:\/\/zasp.pl\/wroclaw\/wp-content\/uploads\/2026\/02\/639158833_2169235577237988_1145846506214358342_n-1536x1152.jpg 1536w, https:\/\/zasp.pl\/wroclaw\/wp-content\/uploads\/2026\/02\/639158833_2169235577237988_1145846506214358342_n.jpg 2048w\" sizes=\"(max-width: 300px) 100vw, 300px\" \/><\/a>\n\t\t\t<\/div><\/figure><figure class='gallery-item'>\n\t\t\t<div class='gallery-icon landscape'>\n\t\t\t\t<a href='https:\/\/zasp.pl\/wroclaw\/2026\/02\/21\/50-lat-pracy-artystycznej-we-wroclawiu-kolegi-edwina-petrykata-fotoreportaz\/637809103_2169235890571290_6912997118533297724_n\/'><img decoding=\"async\" width=\"300\" height=\"225\" src=\"https:\/\/zasp.pl\/wroclaw\/wp-content\/uploads\/2026\/02\/637809103_2169235890571290_6912997118533297724_n-300x225.jpg\" class=\"attachment-medium size-medium\" alt=\"\" srcset=\"https:\/\/zasp.pl\/wroclaw\/wp-content\/uploads\/2026\/02\/637809103_2169235890571290_6912997118533297724_n-300x225.jpg 300w, https:\/\/zasp.pl\/wroclaw\/wp-content\/uploads\/2026\/02\/637809103_2169235890571290_6912997118533297724_n-1024x768.jpg 1024w, https:\/\/zasp.pl\/wroclaw\/wp-content\/uploads\/2026\/02\/637809103_2169235890571290_6912997118533297724_n-768x576.jpg 768w, https:\/\/zasp.pl\/wroclaw\/wp-content\/uploads\/2026\/02\/637809103_2169235890571290_6912997118533297724_n-1536x1152.jpg 1536w, https:\/\/zasp.pl\/wroclaw\/wp-content\/uploads\/2026\/02\/637809103_2169235890571290_6912997118533297724_n.jpg 2048w\" sizes=\"(max-width: 300px) 100vw, 300px\" \/><\/a>\n\t\t\t<\/div><\/figure><figure class='gallery-item'>\n\t\t\t<div class='gallery-icon landscape'>\n\t\t\t\t<a href='https:\/\/zasp.pl\/wroclaw\/2026\/02\/21\/50-lat-pracy-artystycznej-we-wroclawiu-kolegi-edwina-petrykata-fotoreportaz\/637695688_2169237533904459_1292803801008382070_n\/'><img loading=\"lazy\" decoding=\"async\" width=\"300\" height=\"225\" src=\"https:\/\/zasp.pl\/wroclaw\/wp-content\/uploads\/2026\/02\/637695688_2169237533904459_1292803801008382070_n-300x225.jpg\" class=\"attachment-medium size-medium\" alt=\"\" srcset=\"https:\/\/zasp.pl\/wroclaw\/wp-content\/uploads\/2026\/02\/637695688_2169237533904459_1292803801008382070_n-300x225.jpg 300w, https:\/\/zasp.pl\/wroclaw\/wp-content\/uploads\/2026\/02\/637695688_2169237533904459_1292803801008382070_n-1024x768.jpg 1024w, https:\/\/zasp.pl\/wroclaw\/wp-content\/uploads\/2026\/02\/637695688_2169237533904459_1292803801008382070_n-768x576.jpg 768w, https:\/\/zasp.pl\/wroclaw\/wp-content\/uploads\/2026\/02\/637695688_2169237533904459_1292803801008382070_n-1536x1152.jpg 1536w, https:\/\/zasp.pl\/wroclaw\/wp-content\/uploads\/2026\/02\/637695688_2169237533904459_1292803801008382070_n.jpg 2048w\" sizes=\"(max-width: 300px) 100vw, 300px\" \/><\/a>\n\t\t\t<\/div><\/figure><figure class='gallery-item'>\n\t\t\t<div class='gallery-icon landscape'>\n\t\t\t\t<a href='https:\/\/zasp.pl\/wroclaw\/2026\/02\/21\/50-lat-pracy-artystycznej-we-wroclawiu-kolegi-edwina-petrykata-fotoreportaz\/637114961_2169235787237967_6459355345640715730_n\/'><img loading=\"lazy\" decoding=\"async\" width=\"300\" height=\"225\" src=\"https:\/\/zasp.pl\/wroclaw\/wp-content\/uploads\/2026\/02\/637114961_2169235787237967_6459355345640715730_n-300x225.jpg\" class=\"attachment-medium size-medium\" alt=\"\" srcset=\"https:\/\/zasp.pl\/wroclaw\/wp-content\/uploads\/2026\/02\/637114961_2169235787237967_6459355345640715730_n-300x225.jpg 300w, https:\/\/zasp.pl\/wroclaw\/wp-content\/uploads\/2026\/02\/637114961_2169235787237967_6459355345640715730_n-1024x768.jpg 1024w, https:\/\/zasp.pl\/wroclaw\/wp-content\/uploads\/2026\/02\/637114961_2169235787237967_6459355345640715730_n-768x576.jpg 768w, https:\/\/zasp.pl\/wroclaw\/wp-content\/uploads\/2026\/02\/637114961_2169235787237967_6459355345640715730_n-1536x1152.jpg 1536w, https:\/\/zasp.pl\/wroclaw\/wp-content\/uploads\/2026\/02\/637114961_2169235787237967_6459355345640715730_n.jpg 2048w\" sizes=\"(max-width: 300px) 100vw, 300px\" \/><\/a>\n\t\t\t<\/div><\/figure><figure class='gallery-item'>\n\t\t\t<div class='gallery-icon landscape'>\n\t\t\t\t<a href='https:\/\/zasp.pl\/wroclaw\/2026\/02\/21\/50-lat-pracy-artystycznej-we-wroclawiu-kolegi-edwina-petrykata-fotoreportaz\/637898636_2169237490571130_6733100264425675192_n\/'><img loading=\"lazy\" decoding=\"async\" width=\"300\" height=\"225\" src=\"https:\/\/zasp.pl\/wroclaw\/wp-content\/uploads\/2026\/02\/637898636_2169237490571130_6733100264425675192_n-300x225.jpg\" class=\"attachment-medium size-medium\" alt=\"\" srcset=\"https:\/\/zasp.pl\/wroclaw\/wp-content\/uploads\/2026\/02\/637898636_2169237490571130_6733100264425675192_n-300x225.jpg 300w, https:\/\/zasp.pl\/wroclaw\/wp-content\/uploads\/2026\/02\/637898636_2169237490571130_6733100264425675192_n-1024x768.jpg 1024w, https:\/\/zasp.pl\/wroclaw\/wp-content\/uploads\/2026\/02\/637898636_2169237490571130_6733100264425675192_n-768x576.jpg 768w, https:\/\/zasp.pl\/wroclaw\/wp-content\/uploads\/2026\/02\/637898636_2169237490571130_6733100264425675192_n-1536x1152.jpg 1536w, https:\/\/zasp.pl\/wroclaw\/wp-content\/uploads\/2026\/02\/637898636_2169237490571130_6733100264425675192_n.jpg 2048w\" sizes=\"(max-width: 300px) 100vw, 300px\" \/><\/a>\n\t\t\t<\/div><\/figure><figure class='gallery-item'>\n\t\t\t<div class='gallery-icon landscape'>\n\t\t\t\t<a href='https:\/\/zasp.pl\/wroclaw\/2026\/02\/21\/50-lat-pracy-artystycznej-we-wroclawiu-kolegi-edwina-petrykata-fotoreportaz\/634951176_2169235360571343_7396180016049860850_n\/'><img loading=\"lazy\" decoding=\"async\" width=\"300\" height=\"225\" src=\"https:\/\/zasp.pl\/wroclaw\/wp-content\/uploads\/2026\/02\/634951176_2169235360571343_7396180016049860850_n-300x225.jpg\" class=\"attachment-medium size-medium\" alt=\"\" srcset=\"https:\/\/zasp.pl\/wroclaw\/wp-content\/uploads\/2026\/02\/634951176_2169235360571343_7396180016049860850_n-300x225.jpg 300w, https:\/\/zasp.pl\/wroclaw\/wp-content\/uploads\/2026\/02\/634951176_2169235360571343_7396180016049860850_n-1024x768.jpg 1024w, https:\/\/zasp.pl\/wroclaw\/wp-content\/uploads\/2026\/02\/634951176_2169235360571343_7396180016049860850_n-768x576.jpg 768w, https:\/\/zasp.pl\/wroclaw\/wp-content\/uploads\/2026\/02\/634951176_2169235360571343_7396180016049860850_n-1536x1152.jpg 1536w, https:\/\/zasp.pl\/wroclaw\/wp-content\/uploads\/2026\/02\/634951176_2169235360571343_7396180016049860850_n.jpg 2048w\" sizes=\"(max-width: 300px) 100vw, 300px\" \/><\/a>\n\t\t\t<\/div><\/figure><figure class='gallery-item'>\n\t\t\t<div class='gallery-icon landscape'>\n\t\t\t\t<a href='https:\/\/zasp.pl\/wroclaw\/2026\/02\/21\/50-lat-pracy-artystycznej-we-wroclawiu-kolegi-edwina-petrykata-fotoreportaz\/639402752_2169234793904733_6043788451044868602_n\/'><img loading=\"lazy\" decoding=\"async\" width=\"300\" height=\"225\" src=\"https:\/\/zasp.pl\/wroclaw\/wp-content\/uploads\/2026\/02\/639402752_2169234793904733_6043788451044868602_n-300x225.jpg\" class=\"attachment-medium size-medium\" alt=\"\" srcset=\"https:\/\/zasp.pl\/wroclaw\/wp-content\/uploads\/2026\/02\/639402752_2169234793904733_6043788451044868602_n-300x225.jpg 300w, https:\/\/zasp.pl\/wroclaw\/wp-content\/uploads\/2026\/02\/639402752_2169234793904733_6043788451044868602_n-1024x768.jpg 1024w, https:\/\/zasp.pl\/wroclaw\/wp-content\/uploads\/2026\/02\/639402752_2169234793904733_6043788451044868602_n-768x576.jpg 768w, https:\/\/zasp.pl\/wroclaw\/wp-content\/uploads\/2026\/02\/639402752_2169234793904733_6043788451044868602_n-1536x1152.jpg 1536w, https:\/\/zasp.pl\/wroclaw\/wp-content\/uploads\/2026\/02\/639402752_2169234793904733_6043788451044868602_n.jpg 2048w\" sizes=\"(max-width: 300px) 100vw, 300px\" \/><\/a>\n\t\t\t<\/div><\/figure><figure class='gallery-item'>\n\t\t\t<div class='gallery-icon landscape'>\n\t\t\t\t<a href='https:\/\/zasp.pl\/wroclaw\/2026\/02\/21\/50-lat-pracy-artystycznej-we-wroclawiu-kolegi-edwina-petrykata-fotoreportaz\/636901041_2169234693904743_1472687557590228616_n\/'><img loading=\"lazy\" decoding=\"async\" width=\"300\" height=\"225\" src=\"https:\/\/zasp.pl\/wroclaw\/wp-content\/uploads\/2026\/02\/636901041_2169234693904743_1472687557590228616_n-300x225.jpg\" class=\"attachment-medium size-medium\" alt=\"\" srcset=\"https:\/\/zasp.pl\/wroclaw\/wp-content\/uploads\/2026\/02\/636901041_2169234693904743_1472687557590228616_n-300x225.jpg 300w, https:\/\/zasp.pl\/wroclaw\/wp-content\/uploads\/2026\/02\/636901041_2169234693904743_1472687557590228616_n-1024x768.jpg 1024w, https:\/\/zasp.pl\/wroclaw\/wp-content\/uploads\/2026\/02\/636901041_2169234693904743_1472687557590228616_n-768x576.jpg 768w, https:\/\/zasp.pl\/wroclaw\/wp-content\/uploads\/2026\/02\/636901041_2169234693904743_1472687557590228616_n-1536x1152.jpg 1536w, https:\/\/zasp.pl\/wroclaw\/wp-content\/uploads\/2026\/02\/636901041_2169234693904743_1472687557590228616_n.jpg 2048w\" sizes=\"(max-width: 300px) 100vw, 300px\" \/><\/a>\n\t\t\t<\/div><\/figure><figure class='gallery-item'>\n\t\t\t<div class='gallery-icon landscape'>\n\t\t\t\t<a href='https:\/\/zasp.pl\/wroclaw\/2026\/02\/21\/50-lat-pracy-artystycznej-we-wroclawiu-kolegi-edwina-petrykata-fotoreportaz\/636801555_2169234450571434_4360354825281357331_n\/'><img loading=\"lazy\" decoding=\"async\" width=\"300\" height=\"225\" src=\"https:\/\/zasp.pl\/wroclaw\/wp-content\/uploads\/2026\/02\/636801555_2169234450571434_4360354825281357331_n-300x225.jpg\" class=\"attachment-medium size-medium\" alt=\"\" srcset=\"https:\/\/zasp.pl\/wroclaw\/wp-content\/uploads\/2026\/02\/636801555_2169234450571434_4360354825281357331_n-300x225.jpg 300w, https:\/\/zasp.pl\/wroclaw\/wp-content\/uploads\/2026\/02\/636801555_2169234450571434_4360354825281357331_n-1024x768.jpg 1024w, https:\/\/zasp.pl\/wroclaw\/wp-content\/uploads\/2026\/02\/636801555_2169234450571434_4360354825281357331_n-768x576.jpg 768w, https:\/\/zasp.pl\/wroclaw\/wp-content\/uploads\/2026\/02\/636801555_2169234450571434_4360354825281357331_n-1536x1152.jpg 1536w, https:\/\/zasp.pl\/wroclaw\/wp-content\/uploads\/2026\/02\/636801555_2169234450571434_4360354825281357331_n.jpg 2048w\" sizes=\"(max-width: 300px) 100vw, 300px\" \/><\/a>\n\t\t\t<\/div><\/figure><figure class='gallery-item'>\n\t\t\t<div class='gallery-icon landscape'>\n\t\t\t\t<a href='https:\/\/zasp.pl\/wroclaw\/2026\/02\/21\/50-lat-pracy-artystycznej-we-wroclawiu-kolegi-edwina-petrykata-fotoreportaz\/628896957_2169234340571445_7232564058904867918_n\/'><img loading=\"lazy\" decoding=\"async\" width=\"300\" height=\"225\" src=\"https:\/\/zasp.pl\/wroclaw\/wp-content\/uploads\/2026\/02\/628896957_2169234340571445_7232564058904867918_n-300x225.jpg\" class=\"attachment-medium size-medium\" alt=\"\" srcset=\"https:\/\/zasp.pl\/wroclaw\/wp-content\/uploads\/2026\/02\/628896957_2169234340571445_7232564058904867918_n-300x225.jpg 300w, https:\/\/zasp.pl\/wroclaw\/wp-content\/uploads\/2026\/02\/628896957_2169234340571445_7232564058904867918_n-1024x768.jpg 1024w, https:\/\/zasp.pl\/wroclaw\/wp-content\/uploads\/2026\/02\/628896957_2169234340571445_7232564058904867918_n-768x576.jpg 768w, https:\/\/zasp.pl\/wroclaw\/wp-content\/uploads\/2026\/02\/628896957_2169234340571445_7232564058904867918_n-1536x1152.jpg 1536w, https:\/\/zasp.pl\/wroclaw\/wp-content\/uploads\/2026\/02\/628896957_2169234340571445_7232564058904867918_n.jpg 2048w\" sizes=\"(max-width: 300px) 100vw, 300px\" \/><\/a>\n\t\t\t<\/div><\/figure><figure class='gallery-item'>\n\t\t\t<div class='gallery-icon landscape'>\n\t\t\t\t<a href='https:\/\/zasp.pl\/wroclaw\/2026\/02\/21\/50-lat-pracy-artystycznej-we-wroclawiu-kolegi-edwina-petrykata-fotoreportaz\/637040466_2169234900571389_2380663607845457589_n\/'><img loading=\"lazy\" decoding=\"async\" width=\"300\" height=\"225\" src=\"https:\/\/zasp.pl\/wroclaw\/wp-content\/uploads\/2026\/02\/637040466_2169234900571389_2380663607845457589_n-300x225.jpg\" class=\"attachment-medium size-medium\" alt=\"\" srcset=\"https:\/\/zasp.pl\/wroclaw\/wp-content\/uploads\/2026\/02\/637040466_2169234900571389_2380663607845457589_n-300x225.jpg 300w, https:\/\/zasp.pl\/wroclaw\/wp-content\/uploads\/2026\/02\/637040466_2169234900571389_2380663607845457589_n-1024x768.jpg 1024w, https:\/\/zasp.pl\/wroclaw\/wp-content\/uploads\/2026\/02\/637040466_2169234900571389_2380663607845457589_n-768x576.jpg 768w, https:\/\/zasp.pl\/wroclaw\/wp-content\/uploads\/2026\/02\/637040466_2169234900571389_2380663607845457589_n-1536x1152.jpg 1536w, https:\/\/zasp.pl\/wroclaw\/wp-content\/uploads\/2026\/02\/637040466_2169234900571389_2380663607845457589_n.jpg 2048w\" sizes=\"(max-width: 300px) 100vw, 300px\" \/><\/a>\n\t\t\t<\/div><\/figure><figure class='gallery-item'>\n\t\t\t<div class='gallery-icon landscape'>\n\t\t\t\t<a href='https:\/\/zasp.pl\/wroclaw\/2026\/02\/21\/50-lat-pracy-artystycznej-we-wroclawiu-kolegi-edwina-petrykata-fotoreportaz\/636224685_2169234210571458_3719415279171741681_n\/'><img loading=\"lazy\" decoding=\"async\" width=\"300\" height=\"225\" src=\"https:\/\/zasp.pl\/wroclaw\/wp-content\/uploads\/2026\/02\/636224685_2169234210571458_3719415279171741681_n-300x225.jpg\" class=\"attachment-medium size-medium\" alt=\"\" srcset=\"https:\/\/zasp.pl\/wroclaw\/wp-content\/uploads\/2026\/02\/636224685_2169234210571458_3719415279171741681_n-300x225.jpg 300w, https:\/\/zasp.pl\/wroclaw\/wp-content\/uploads\/2026\/02\/636224685_2169234210571458_3719415279171741681_n-1024x768.jpg 1024w, https:\/\/zasp.pl\/wroclaw\/wp-content\/uploads\/2026\/02\/636224685_2169234210571458_3719415279171741681_n-768x576.jpg 768w, https:\/\/zasp.pl\/wroclaw\/wp-content\/uploads\/2026\/02\/636224685_2169234210571458_3719415279171741681_n-1536x1152.jpg 1536w, https:\/\/zasp.pl\/wroclaw\/wp-content\/uploads\/2026\/02\/636224685_2169234210571458_3719415279171741681_n.jpg 2048w\" sizes=\"(max-width: 300px) 100vw, 300px\" \/><\/a>\n\t\t\t<\/div><\/figure><figure class='gallery-item'>\n\t\t\t<div class='gallery-icon landscape'>\n\t\t\t\t<a href='https:\/\/zasp.pl\/wroclaw\/2026\/02\/21\/50-lat-pracy-artystycznej-we-wroclawiu-kolegi-edwina-petrykata-fotoreportaz\/636433094_2169232437238302_5336154037494338959_n\/'><img loading=\"lazy\" decoding=\"async\" width=\"300\" height=\"225\" src=\"https:\/\/zasp.pl\/wroclaw\/wp-content\/uploads\/2026\/02\/636433094_2169232437238302_5336154037494338959_n-300x225.jpg\" class=\"attachment-medium size-medium\" alt=\"\" srcset=\"https:\/\/zasp.pl\/wroclaw\/wp-content\/uploads\/2026\/02\/636433094_2169232437238302_5336154037494338959_n-300x225.jpg 300w, https:\/\/zasp.pl\/wroclaw\/wp-content\/uploads\/2026\/02\/636433094_2169232437238302_5336154037494338959_n-1024x768.jpg 1024w, https:\/\/zasp.pl\/wroclaw\/wp-content\/uploads\/2026\/02\/636433094_2169232437238302_5336154037494338959_n-768x576.jpg 768w, https:\/\/zasp.pl\/wroclaw\/wp-content\/uploads\/2026\/02\/636433094_2169232437238302_5336154037494338959_n-1536x1152.jpg 1536w, https:\/\/zasp.pl\/wroclaw\/wp-content\/uploads\/2026\/02\/636433094_2169232437238302_5336154037494338959_n.jpg 2048w\" sizes=\"(max-width: 300px) 100vw, 300px\" \/><\/a>\n\t\t\t<\/div><\/figure><figure class='gallery-item'>\n\t\t\t<div class='gallery-icon landscape'>\n\t\t\t\t<a href='https:\/\/zasp.pl\/wroclaw\/2026\/02\/21\/50-lat-pracy-artystycznej-we-wroclawiu-kolegi-edwina-petrykata-fotoreportaz\/636562892_2169237230571156_4120908315814943798_n\/'><img loading=\"lazy\" decoding=\"async\" width=\"300\" height=\"225\" src=\"https:\/\/zasp.pl\/wroclaw\/wp-content\/uploads\/2026\/02\/636562892_2169237230571156_4120908315814943798_n-300x225.jpg\" class=\"attachment-medium size-medium\" alt=\"\" srcset=\"https:\/\/zasp.pl\/wroclaw\/wp-content\/uploads\/2026\/02\/636562892_2169237230571156_4120908315814943798_n-300x225.jpg 300w, https:\/\/zasp.pl\/wroclaw\/wp-content\/uploads\/2026\/02\/636562892_2169237230571156_4120908315814943798_n-1024x768.jpg 1024w, https:\/\/zasp.pl\/wroclaw\/wp-content\/uploads\/2026\/02\/636562892_2169237230571156_4120908315814943798_n-768x576.jpg 768w, https:\/\/zasp.pl\/wroclaw\/wp-content\/uploads\/2026\/02\/636562892_2169237230571156_4120908315814943798_n-1536x1152.jpg 1536w, https:\/\/zasp.pl\/wroclaw\/wp-content\/uploads\/2026\/02\/636562892_2169237230571156_4120908315814943798_n.jpg 2048w\" sizes=\"(max-width: 300px) 100vw, 300px\" \/><\/a>\n\t\t\t<\/div><\/figure><figure class='gallery-item'>\n\t\t\t<div class='gallery-icon landscape'>\n\t\t\t\t<a href='https:\/\/zasp.pl\/wroclaw\/2026\/02\/21\/50-lat-pracy-artystycznej-we-wroclawiu-kolegi-edwina-petrykata-fotoreportaz\/636756414_2169232050571674_7082131612161548293_n\/'><img loading=\"lazy\" decoding=\"async\" width=\"300\" height=\"225\" src=\"https:\/\/zasp.pl\/wroclaw\/wp-content\/uploads\/2026\/02\/636756414_2169232050571674_7082131612161548293_n-300x225.jpg\" class=\"attachment-medium size-medium\" alt=\"\" srcset=\"https:\/\/zasp.pl\/wroclaw\/wp-content\/uploads\/2026\/02\/636756414_2169232050571674_7082131612161548293_n-300x225.jpg 300w, https:\/\/zasp.pl\/wroclaw\/wp-content\/uploads\/2026\/02\/636756414_2169232050571674_7082131612161548293_n-1024x768.jpg 1024w, https:\/\/zasp.pl\/wroclaw\/wp-content\/uploads\/2026\/02\/636756414_2169232050571674_7082131612161548293_n-768x576.jpg 768w, https:\/\/zasp.pl\/wroclaw\/wp-content\/uploads\/2026\/02\/636756414_2169232050571674_7082131612161548293_n-1536x1152.jpg 1536w, https:\/\/zasp.pl\/wroclaw\/wp-content\/uploads\/2026\/02\/636756414_2169232050571674_7082131612161548293_n.jpg 2048w\" sizes=\"(max-width: 300px) 100vw, 300px\" \/><\/a>\n\t\t\t<\/div><\/figure><figure class='gallery-item'>\n\t\t\t<div class='gallery-icon landscape'>\n\t\t\t\t<a href='https:\/\/zasp.pl\/wroclaw\/2026\/02\/21\/50-lat-pracy-artystycznej-we-wroclawiu-kolegi-edwina-petrykata-fotoreportaz\/636854388_2169232507238295_1509803396358235409_n\/'><img loading=\"lazy\" decoding=\"async\" width=\"300\" height=\"225\" src=\"https:\/\/zasp.pl\/wroclaw\/wp-content\/uploads\/2026\/02\/636854388_2169232507238295_1509803396358235409_n-300x225.jpg\" class=\"attachment-medium size-medium\" alt=\"\" srcset=\"https:\/\/zasp.pl\/wroclaw\/wp-content\/uploads\/2026\/02\/636854388_2169232507238295_1509803396358235409_n-300x225.jpg 300w, https:\/\/zasp.pl\/wroclaw\/wp-content\/uploads\/2026\/02\/636854388_2169232507238295_1509803396358235409_n-1024x768.jpg 1024w, https:\/\/zasp.pl\/wroclaw\/wp-content\/uploads\/2026\/02\/636854388_2169232507238295_1509803396358235409_n-768x576.jpg 768w, https:\/\/zasp.pl\/wroclaw\/wp-content\/uploads\/2026\/02\/636854388_2169232507238295_1509803396358235409_n-1536x1152.jpg 1536w, https:\/\/zasp.pl\/wroclaw\/wp-content\/uploads\/2026\/02\/636854388_2169232507238295_1509803396358235409_n.jpg 2048w\" sizes=\"(max-width: 300px) 100vw, 300px\" \/><\/a>\n\t\t\t<\/div><\/figure><figure class='gallery-item'>\n\t\t\t<div class='gallery-icon landscape'>\n\t\t\t\t<a href='https:\/\/zasp.pl\/wroclaw\/2026\/02\/21\/50-lat-pracy-artystycznej-we-wroclawiu-kolegi-edwina-petrykata-fotoreportaz\/636926024_2169232580571621_3193204043434563523_n\/'><img loading=\"lazy\" decoding=\"async\" width=\"300\" height=\"225\" src=\"https:\/\/zasp.pl\/wroclaw\/wp-content\/uploads\/2026\/02\/636926024_2169232580571621_3193204043434563523_n-300x225.jpg\" class=\"attachment-medium size-medium\" alt=\"\" srcset=\"https:\/\/zasp.pl\/wroclaw\/wp-content\/uploads\/2026\/02\/636926024_2169232580571621_3193204043434563523_n-300x225.jpg 300w, https:\/\/zasp.pl\/wroclaw\/wp-content\/uploads\/2026\/02\/636926024_2169232580571621_3193204043434563523_n-1024x768.jpg 1024w, https:\/\/zasp.pl\/wroclaw\/wp-content\/uploads\/2026\/02\/636926024_2169232580571621_3193204043434563523_n-768x576.jpg 768w, https:\/\/zasp.pl\/wroclaw\/wp-content\/uploads\/2026\/02\/636926024_2169232580571621_3193204043434563523_n-1536x1152.jpg 1536w, https:\/\/zasp.pl\/wroclaw\/wp-content\/uploads\/2026\/02\/636926024_2169232580571621_3193204043434563523_n.jpg 2048w\" sizes=\"(max-width: 300px) 100vw, 300px\" \/><\/a>\n\t\t\t<\/div><\/figure><figure class='gallery-item'>\n\t\t\t<div class='gallery-icon landscape'>\n\t\t\t\t<a href='https:\/\/zasp.pl\/wroclaw\/2026\/02\/21\/50-lat-pracy-artystycznej-we-wroclawiu-kolegi-edwina-petrykata-fotoreportaz\/637114961_2169232283904984_7581980334316907158_n\/'><img loading=\"lazy\" decoding=\"async\" width=\"300\" height=\"225\" src=\"https:\/\/zasp.pl\/wroclaw\/wp-content\/uploads\/2026\/02\/637114961_2169232283904984_7581980334316907158_n-300x225.jpg\" class=\"attachment-medium size-medium\" alt=\"\" srcset=\"https:\/\/zasp.pl\/wroclaw\/wp-content\/uploads\/2026\/02\/637114961_2169232283904984_7581980334316907158_n-300x225.jpg 300w, https:\/\/zasp.pl\/wroclaw\/wp-content\/uploads\/2026\/02\/637114961_2169232283904984_7581980334316907158_n-1024x768.jpg 1024w, https:\/\/zasp.pl\/wroclaw\/wp-content\/uploads\/2026\/02\/637114961_2169232283904984_7581980334316907158_n-768x576.jpg 768w, https:\/\/zasp.pl\/wroclaw\/wp-content\/uploads\/2026\/02\/637114961_2169232283904984_7581980334316907158_n-1536x1152.jpg 1536w, https:\/\/zasp.pl\/wroclaw\/wp-content\/uploads\/2026\/02\/637114961_2169232283904984_7581980334316907158_n.jpg 2048w\" sizes=\"(max-width: 300px) 100vw, 300px\" \/><\/a>\n\t\t\t<\/div><\/figure><figure class='gallery-item'>\n\t\t\t<div class='gallery-icon landscape'>\n\t\t\t\t<a href='https:\/\/zasp.pl\/wroclaw\/2026\/02\/21\/50-lat-pracy-artystycznej-we-wroclawiu-kolegi-edwina-petrykata-fotoreportaz\/637877277_2169232350571644_8743405386132893598_n\/'><img loading=\"lazy\" decoding=\"async\" width=\"300\" height=\"225\" src=\"https:\/\/zasp.pl\/wroclaw\/wp-content\/uploads\/2026\/02\/637877277_2169232350571644_8743405386132893598_n-300x225.jpg\" class=\"attachment-medium size-medium\" alt=\"\" srcset=\"https:\/\/zasp.pl\/wroclaw\/wp-content\/uploads\/2026\/02\/637877277_2169232350571644_8743405386132893598_n-300x225.jpg 300w, https:\/\/zasp.pl\/wroclaw\/wp-content\/uploads\/2026\/02\/637877277_2169232350571644_8743405386132893598_n-1024x768.jpg 1024w, https:\/\/zasp.pl\/wroclaw\/wp-content\/uploads\/2026\/02\/637877277_2169232350571644_8743405386132893598_n-768x576.jpg 768w, https:\/\/zasp.pl\/wroclaw\/wp-content\/uploads\/2026\/02\/637877277_2169232350571644_8743405386132893598_n-1536x1152.jpg 1536w, https:\/\/zasp.pl\/wroclaw\/wp-content\/uploads\/2026\/02\/637877277_2169232350571644_8743405386132893598_n.jpg 2048w\" sizes=\"(max-width: 300px) 100vw, 300px\" \/><\/a>\n\t\t\t<\/div><\/figure><figure class='gallery-item'>\n\t\t\t<div class='gallery-icon landscape'>\n\t\t\t\t<a href='https:\/\/zasp.pl\/wroclaw\/2026\/02\/21\/50-lat-pracy-artystycznej-we-wroclawiu-kolegi-edwina-petrykata-fotoreportaz\/635633650_2169219407239605_2756457878675241755_n\/'><img loading=\"lazy\" decoding=\"async\" width=\"300\" height=\"225\" src=\"https:\/\/zasp.pl\/wroclaw\/wp-content\/uploads\/2026\/02\/635633650_2169219407239605_2756457878675241755_n-300x225.jpg\" class=\"attachment-medium size-medium\" alt=\"\" srcset=\"https:\/\/zasp.pl\/wroclaw\/wp-content\/uploads\/2026\/02\/635633650_2169219407239605_2756457878675241755_n-300x225.jpg 300w, https:\/\/zasp.pl\/wroclaw\/wp-content\/uploads\/2026\/02\/635633650_2169219407239605_2756457878675241755_n-1024x768.jpg 1024w, https:\/\/zasp.pl\/wroclaw\/wp-content\/uploads\/2026\/02\/635633650_2169219407239605_2756457878675241755_n-768x576.jpg 768w, https:\/\/zasp.pl\/wroclaw\/wp-content\/uploads\/2026\/02\/635633650_2169219407239605_2756457878675241755_n-1536x1152.jpg 1536w, https:\/\/zasp.pl\/wroclaw\/wp-content\/uploads\/2026\/02\/635633650_2169219407239605_2756457878675241755_n.jpg 2048w\" sizes=\"(max-width: 300px) 100vw, 300px\" \/><\/a>\n\t\t\t<\/div><\/figure><figure class='gallery-item'>\n\t\t\t<div class='gallery-icon landscape'>\n\t\t\t\t<a href='https:\/\/zasp.pl\/wroclaw\/2026\/02\/21\/50-lat-pracy-artystycznej-we-wroclawiu-kolegi-edwina-petrykata-fotoreportaz\/636878501_2169237160571163_1682116937325207347_n\/'><img loading=\"lazy\" decoding=\"async\" width=\"300\" height=\"225\" src=\"https:\/\/zasp.pl\/wroclaw\/wp-content\/uploads\/2026\/02\/636878501_2169237160571163_1682116937325207347_n-300x225.jpg\" class=\"attachment-medium size-medium\" alt=\"\" srcset=\"https:\/\/zasp.pl\/wroclaw\/wp-content\/uploads\/2026\/02\/636878501_2169237160571163_1682116937325207347_n-300x225.jpg 300w, https:\/\/zasp.pl\/wroclaw\/wp-content\/uploads\/2026\/02\/636878501_2169237160571163_1682116937325207347_n-1024x768.jpg 1024w, https:\/\/zasp.pl\/wroclaw\/wp-content\/uploads\/2026\/02\/636878501_2169237160571163_1682116937325207347_n-768x576.jpg 768w, https:\/\/zasp.pl\/wroclaw\/wp-content\/uploads\/2026\/02\/636878501_2169237160571163_1682116937325207347_n-1536x1152.jpg 1536w, https:\/\/zasp.pl\/wroclaw\/wp-content\/uploads\/2026\/02\/636878501_2169237160571163_1682116937325207347_n.jpg 2048w\" sizes=\"(max-width: 300px) 100vw, 300px\" \/><\/a>\n\t\t\t<\/div><\/figure><figure class='gallery-item'>\n\t\t\t<div class='gallery-icon landscape'>\n\t\t\t\t<a href='https:\/\/zasp.pl\/wroclaw\/2026\/02\/21\/50-lat-pracy-artystycznej-we-wroclawiu-kolegi-edwina-petrykata-fotoreportaz\/639415647_2169219223906290_7141115200625483119_n\/'><img loading=\"lazy\" decoding=\"async\" width=\"300\" height=\"225\" src=\"https:\/\/zasp.pl\/wroclaw\/wp-content\/uploads\/2026\/02\/639415647_2169219223906290_7141115200625483119_n-300x225.jpg\" class=\"attachment-medium size-medium\" alt=\"\" srcset=\"https:\/\/zasp.pl\/wroclaw\/wp-content\/uploads\/2026\/02\/639415647_2169219223906290_7141115200625483119_n-300x225.jpg 300w, https:\/\/zasp.pl\/wroclaw\/wp-content\/uploads\/2026\/02\/639415647_2169219223906290_7141115200625483119_n-1024x768.jpg 1024w, https:\/\/zasp.pl\/wroclaw\/wp-content\/uploads\/2026\/02\/639415647_2169219223906290_7141115200625483119_n-768x576.jpg 768w, https:\/\/zasp.pl\/wroclaw\/wp-content\/uploads\/2026\/02\/639415647_2169219223906290_7141115200625483119_n-1536x1152.jpg 1536w, https:\/\/zasp.pl\/wroclaw\/wp-content\/uploads\/2026\/02\/639415647_2169219223906290_7141115200625483119_n.jpg 2048w\" sizes=\"(max-width: 300px) 100vw, 300px\" \/><\/a>\n\t\t\t<\/div><\/figure><figure class='gallery-item'>\n\t\t\t<div class='gallery-icon landscape'>\n\t\t\t\t<a href='https:\/\/zasp.pl\/wroclaw\/2026\/02\/21\/50-lat-pracy-artystycznej-we-wroclawiu-kolegi-edwina-petrykata-fotoreportaz\/639148403_2169221293906083_3126741254288277911_n\/'><img loading=\"lazy\" decoding=\"async\" width=\"300\" height=\"225\" src=\"https:\/\/zasp.pl\/wroclaw\/wp-content\/uploads\/2026\/02\/639148403_2169221293906083_3126741254288277911_n-300x225.jpg\" class=\"attachment-medium size-medium\" alt=\"\" srcset=\"https:\/\/zasp.pl\/wroclaw\/wp-content\/uploads\/2026\/02\/639148403_2169221293906083_3126741254288277911_n-300x225.jpg 300w, https:\/\/zasp.pl\/wroclaw\/wp-content\/uploads\/2026\/02\/639148403_2169221293906083_3126741254288277911_n-1024x768.jpg 1024w, https:\/\/zasp.pl\/wroclaw\/wp-content\/uploads\/2026\/02\/639148403_2169221293906083_3126741254288277911_n-768x576.jpg 768w, https:\/\/zasp.pl\/wroclaw\/wp-content\/uploads\/2026\/02\/639148403_2169221293906083_3126741254288277911_n-1536x1152.jpg 1536w, https:\/\/zasp.pl\/wroclaw\/wp-content\/uploads\/2026\/02\/639148403_2169221293906083_3126741254288277911_n.jpg 2048w\" sizes=\"(max-width: 300px) 100vw, 300px\" \/><\/a>\n\t\t\t<\/div><\/figure><figure class='gallery-item'>\n\t\t\t<div class='gallery-icon landscape'>\n\t\t\t\t<a href='https:\/\/zasp.pl\/wroclaw\/2026\/02\/21\/50-lat-pracy-artystycznej-we-wroclawiu-kolegi-edwina-petrykata-fotoreportaz\/636993611_2169220863906126_2662529081819186787_n\/'><img loading=\"lazy\" decoding=\"async\" width=\"300\" height=\"225\" src=\"https:\/\/zasp.pl\/wroclaw\/wp-content\/uploads\/2026\/02\/636993611_2169220863906126_2662529081819186787_n-300x225.jpg\" class=\"attachment-medium size-medium\" alt=\"\" srcset=\"https:\/\/zasp.pl\/wroclaw\/wp-content\/uploads\/2026\/02\/636993611_2169220863906126_2662529081819186787_n-300x225.jpg 300w, https:\/\/zasp.pl\/wroclaw\/wp-content\/uploads\/2026\/02\/636993611_2169220863906126_2662529081819186787_n.jpg 590w\" sizes=\"(max-width: 300px) 100vw, 300px\" \/><\/a>\n\t\t\t<\/div><\/figure><figure class='gallery-item'>\n\t\t\t<div class='gallery-icon landscape'>\n\t\t\t\t<a href='https:\/\/zasp.pl\/wroclaw\/2026\/02\/21\/50-lat-pracy-artystycznej-we-wroclawiu-kolegi-edwina-petrykata-fotoreportaz\/637141327_2169219687239577_6217607748643483757_n\/'><img loading=\"lazy\" decoding=\"async\" width=\"300\" height=\"225\" src=\"https:\/\/zasp.pl\/wroclaw\/wp-content\/uploads\/2026\/02\/637141327_2169219687239577_6217607748643483757_n-300x225.jpg\" class=\"attachment-medium size-medium\" alt=\"\" srcset=\"https:\/\/zasp.pl\/wroclaw\/wp-content\/uploads\/2026\/02\/637141327_2169219687239577_6217607748643483757_n-300x225.jpg 300w, https:\/\/zasp.pl\/wroclaw\/wp-content\/uploads\/2026\/02\/637141327_2169219687239577_6217607748643483757_n-1024x768.jpg 1024w, https:\/\/zasp.pl\/wroclaw\/wp-content\/uploads\/2026\/02\/637141327_2169219687239577_6217607748643483757_n-768x576.jpg 768w, https:\/\/zasp.pl\/wroclaw\/wp-content\/uploads\/2026\/02\/637141327_2169219687239577_6217607748643483757_n-1536x1152.jpg 1536w, https:\/\/zasp.pl\/wroclaw\/wp-content\/uploads\/2026\/02\/637141327_2169219687239577_6217607748643483757_n.jpg 2048w\" sizes=\"(max-width: 300px) 100vw, 300px\" \/><\/a>\n\t\t\t<\/div><\/figure><figure class='gallery-item'>\n\t\t\t<div class='gallery-icon landscape'>\n\t\t\t\t<a href='https:\/\/zasp.pl\/wroclaw\/2026\/02\/21\/50-lat-pracy-artystycznej-we-wroclawiu-kolegi-edwina-petrykata-fotoreportaz\/637786057_2169219717239574_6456412064609946812_n\/'><img loading=\"lazy\" decoding=\"async\" width=\"300\" height=\"225\" src=\"https:\/\/zasp.pl\/wroclaw\/wp-content\/uploads\/2026\/02\/637786057_2169219717239574_6456412064609946812_n-300x225.jpg\" class=\"attachment-medium size-medium\" alt=\"\" srcset=\"https:\/\/zasp.pl\/wroclaw\/wp-content\/uploads\/2026\/02\/637786057_2169219717239574_6456412064609946812_n-300x225.jpg 300w, https:\/\/zasp.pl\/wroclaw\/wp-content\/uploads\/2026\/02\/637786057_2169219717239574_6456412064609946812_n-1024x768.jpg 1024w, https:\/\/zasp.pl\/wroclaw\/wp-content\/uploads\/2026\/02\/637786057_2169219717239574_6456412064609946812_n-768x576.jpg 768w, https:\/\/zasp.pl\/wroclaw\/wp-content\/uploads\/2026\/02\/637786057_2169219717239574_6456412064609946812_n-1536x1152.jpg 1536w, https:\/\/zasp.pl\/wroclaw\/wp-content\/uploads\/2026\/02\/637786057_2169219717239574_6456412064609946812_n.jpg 2048w\" sizes=\"(max-width: 300px) 100vw, 300px\" \/><\/a>\n\t\t\t<\/div><\/figure><figure class='gallery-item'>\n\t\t\t<div class='gallery-icon portrait'>\n\t\t\t\t<a href='https:\/\/zasp.pl\/wroclaw\/2026\/02\/21\/50-lat-pracy-artystycznej-we-wroclawiu-kolegi-edwina-petrykata-fotoreportaz\/637759111_2169219460572933_7724485707792674702_n\/'><img loading=\"lazy\" decoding=\"async\" width=\"225\" height=\"300\" src=\"https:\/\/zasp.pl\/wroclaw\/wp-content\/uploads\/2026\/02\/637759111_2169219460572933_7724485707792674702_n-225x300.jpg\" class=\"attachment-medium size-medium\" alt=\"\" srcset=\"https:\/\/zasp.pl\/wroclaw\/wp-content\/uploads\/2026\/02\/637759111_2169219460572933_7724485707792674702_n-225x300.jpg 225w, https:\/\/zasp.pl\/wroclaw\/wp-content\/uploads\/2026\/02\/637759111_2169219460572933_7724485707792674702_n-768x1024.jpg 768w, https:\/\/zasp.pl\/wroclaw\/wp-content\/uploads\/2026\/02\/637759111_2169219460572933_7724485707792674702_n-1152x1536.jpg 1152w, https:\/\/zasp.pl\/wroclaw\/wp-content\/uploads\/2026\/02\/637759111_2169219460572933_7724485707792674702_n.jpg 1536w\" sizes=\"(max-width: 225px) 100vw, 225px\" \/><\/a>\n\t\t\t<\/div><\/figure><figure class='gallery-item'>\n\t\t\t<div class='gallery-icon landscape'>\n\t\t\t\t<a href='https:\/\/zasp.pl\/wroclaw\/2026\/02\/21\/50-lat-pracy-artystycznej-we-wroclawiu-kolegi-edwina-petrykata-fotoreportaz\/639389531_2169236103904602_6230457675802122411_n\/'><img loading=\"lazy\" decoding=\"async\" width=\"300\" height=\"225\" src=\"https:\/\/zasp.pl\/wroclaw\/wp-content\/uploads\/2026\/02\/639389531_2169236103904602_6230457675802122411_n-300x225.jpg\" class=\"attachment-medium size-medium\" alt=\"\" srcset=\"https:\/\/zasp.pl\/wroclaw\/wp-content\/uploads\/2026\/02\/639389531_2169236103904602_6230457675802122411_n-300x225.jpg 300w, https:\/\/zasp.pl\/wroclaw\/wp-content\/uploads\/2026\/02\/639389531_2169236103904602_6230457675802122411_n-1024x768.jpg 1024w, https:\/\/zasp.pl\/wroclaw\/wp-content\/uploads\/2026\/02\/639389531_2169236103904602_6230457675802122411_n-768x576.jpg 768w, https:\/\/zasp.pl\/wroclaw\/wp-content\/uploads\/2026\/02\/639389531_2169236103904602_6230457675802122411_n-1536x1152.jpg 1536w, https:\/\/zasp.pl\/wroclaw\/wp-content\/uploads\/2026\/02\/639389531_2169236103904602_6230457675802122411_n.jpg 2048w\" sizes=\"(max-width: 300px) 100vw, 300px\" \/><\/a>\n\t\t\t<\/div><\/figure><figure class='gallery-item'>\n\t\t\t<div class='gallery-icon landscape'>\n\t\t\t\t<a href='https:\/\/zasp.pl\/wroclaw\/2026\/02\/21\/50-lat-pracy-artystycznej-we-wroclawiu-kolegi-edwina-petrykata-fotoreportaz\/637839307_2169218780573001_7445536440121990015_n\/'><img loading=\"lazy\" decoding=\"async\" width=\"300\" height=\"225\" src=\"https:\/\/zasp.pl\/wroclaw\/wp-content\/uploads\/2026\/02\/637839307_2169218780573001_7445536440121990015_n-300x225.jpg\" class=\"attachment-medium size-medium\" alt=\"\" srcset=\"https:\/\/zasp.pl\/wroclaw\/wp-content\/uploads\/2026\/02\/637839307_2169218780573001_7445536440121990015_n-300x225.jpg 300w, https:\/\/zasp.pl\/wroclaw\/wp-content\/uploads\/2026\/02\/637839307_2169218780573001_7445536440121990015_n-1024x768.jpg 1024w, https:\/\/zasp.pl\/wroclaw\/wp-content\/uploads\/2026\/02\/637839307_2169218780573001_7445536440121990015_n-768x576.jpg 768w, https:\/\/zasp.pl\/wroclaw\/wp-content\/uploads\/2026\/02\/637839307_2169218780573001_7445536440121990015_n-1536x1152.jpg 1536w, https:\/\/zasp.pl\/wroclaw\/wp-content\/uploads\/2026\/02\/637839307_2169218780573001_7445536440121990015_n.jpg 2048w\" sizes=\"(max-width: 300px) 100vw, 300px\" \/><\/a>\n\t\t\t<\/div><\/figure><figure class='gallery-item'>\n\t\t\t<div class='gallery-icon portrait'>\n\t\t\t\t<a href='https:\/\/zasp.pl\/wroclaw\/2026\/02\/21\/50-lat-pracy-artystycznej-we-wroclawiu-kolegi-edwina-petrykata-fotoreportaz\/637994306_2169219070572972_7178328534609873055_n\/'><img loading=\"lazy\" decoding=\"async\" width=\"225\" height=\"300\" src=\"https:\/\/zasp.pl\/wroclaw\/wp-content\/uploads\/2026\/02\/637994306_2169219070572972_7178328534609873055_n-225x300.jpg\" class=\"attachment-medium size-medium\" alt=\"\" srcset=\"https:\/\/zasp.pl\/wroclaw\/wp-content\/uploads\/2026\/02\/637994306_2169219070572972_7178328534609873055_n-225x300.jpg 225w, https:\/\/zasp.pl\/wroclaw\/wp-content\/uploads\/2026\/02\/637994306_2169219070572972_7178328534609873055_n-768x1024.jpg 768w, https:\/\/zasp.pl\/wroclaw\/wp-content\/uploads\/2026\/02\/637994306_2169219070572972_7178328534609873055_n-1152x1536.jpg 1152w, https:\/\/zasp.pl\/wroclaw\/wp-content\/uploads\/2026\/02\/637994306_2169219070572972_7178328534609873055_n.jpg 1536w\" sizes=\"(max-width: 225px) 100vw, 225px\" \/><\/a>\n\t\t\t<\/div><\/figure><figure class='gallery-item'>\n\t\t\t<div class='gallery-icon landscape'>\n\t\t\t\t<a href='https:\/\/zasp.pl\/wroclaw\/2026\/02\/21\/50-lat-pracy-artystycznej-we-wroclawiu-kolegi-edwina-petrykata-fotoreportaz\/637851679_2169219000572979_2975457239451098716_n\/'><img loading=\"lazy\" decoding=\"async\" width=\"300\" height=\"225\" src=\"https:\/\/zasp.pl\/wroclaw\/wp-content\/uploads\/2026\/02\/637851679_2169219000572979_2975457239451098716_n-300x225.jpg\" class=\"attachment-medium size-medium\" alt=\"\" srcset=\"https:\/\/zasp.pl\/wroclaw\/wp-content\/uploads\/2026\/02\/637851679_2169219000572979_2975457239451098716_n-300x225.jpg 300w, https:\/\/zasp.pl\/wroclaw\/wp-content\/uploads\/2026\/02\/637851679_2169219000572979_2975457239451098716_n-1024x768.jpg 1024w, https:\/\/zasp.pl\/wroclaw\/wp-content\/uploads\/2026\/02\/637851679_2169219000572979_2975457239451098716_n-768x576.jpg 768w, https:\/\/zasp.pl\/wroclaw\/wp-content\/uploads\/2026\/02\/637851679_2169219000572979_2975457239451098716_n-1536x1152.jpg 1536w, https:\/\/zasp.pl\/wroclaw\/wp-content\/uploads\/2026\/02\/637851679_2169219000572979_2975457239451098716_n.jpg 2048w\" sizes=\"(max-width: 300px) 100vw, 300px\" \/><\/a>\n\t\t\t<\/div><\/figure>\n\t\t<\/div>\n\n<\/div>\n","protected":false},"excerpt":{"rendered":"<p>19.02.2026 r. o godz. 18.00 w Muzeum Teatru we Wroc\u0142awiu (Plac Wolno\u015bci) doby\u0142o si\u0119 zdarzenie poetycko &#8211; muzyczne z okazji 50. lat pracy artystycznej we Wroc\u0142awiu Kolego EDWINA PETRYKATA. Wyj\u0105tkowa uroczysto\u015b\u0107 i pi\u0119kne chwile dla artysty zwi\u0105zanego z Wroc\u0142awiem przez p\u00f3\u0142 wieku. W\u0142adze miasta i regionu doceni\u0142y Szanownego Jubilata licznymi nagrodami. W\u015br\u00f3d nich by\u0142 medal [&hellip;]<\/p>\n","protected":false},"author":2,"featured_media":3300,"comment_status":"open","ping_status":"closed","sticky":false,"template":"","format":"standard","meta":{"_acf_changed":false,"_exactmetrics_skip_tracking":false,"_exactmetrics_sitenote_active":false,"_exactmetrics_sitenote_note":"","_exactmetrics_sitenote_category":0,"footnotes":""},"categories":[11],"tags":[],"class_list":["post-3230","post","type-post","status-publish","format-standard","has-post-thumbnail","hentry","category-wydarzenia"],"acf":[],"_links":{"self":[{"href":"https:\/\/zasp.pl\/wroclaw\/wp-json\/wp\/v2\/posts\/3230","targetHints":{"allow":["GET"]}}],"collection":[{"href":"https:\/\/zasp.pl\/wroclaw\/wp-json\/wp\/v2\/posts"}],"about":[{"href":"https:\/\/zasp.pl\/wroclaw\/wp-json\/wp\/v2\/types\/post"}],"author":[{"embeddable":true,"href":"https:\/\/zasp.pl\/wroclaw\/wp-json\/wp\/v2\/users\/2"}],"replies":[{"embeddable":true,"href":"https:\/\/zasp.pl\/wroclaw\/wp-json\/wp\/v2\/comments?post=3230"}],"version-history":[{"count":2,"href":"https:\/\/zasp.pl\/wroclaw\/wp-json\/wp\/v2\/posts\/3230\/revisions"}],"predecessor-version":[{"id":3306,"href":"https:\/\/zasp.pl\/wroclaw\/wp-json\/wp\/v2\/posts\/3230\/revisions\/3306"}],"wp:featuredmedia":[{"embeddable":true,"href":"https:\/\/zasp.pl\/wroclaw\/wp-json\/wp\/v2\/media\/3300"}],"wp:attachment":[{"href":"https:\/\/zasp.pl\/wroclaw\/wp-json\/wp\/v2\/media?parent=3230"}],"wp:term":[{"taxonomy":"category","embeddable":true,"href":"https:\/\/zasp.pl\/wroclaw\/wp-json\/wp\/v2\/categories?post=3230"},{"taxonomy":"post_tag","embeddable":true,"href":"https:\/\/zasp.pl\/wroclaw\/wp-json\/wp\/v2\/tags?post=3230"}],"curies":[{"name":"wp","href":"https:\/\/api.w.org\/{rel}","templated":true}]}}