{"id":3180,"date":"2026-02-18T09:10:34","date_gmt":"2026-02-18T08:10:34","guid":{"rendered":"https:\/\/zasp.pl\/wroclaw\/?p=3180"},"modified":"2026-02-18T10:11:59","modified_gmt":"2026-02-18T09:11:59","slug":"16-02-2026-spotkanie-swiateczno-noworoczne-ostatki-2","status":"publish","type":"post","link":"https:\/\/zasp.pl\/wroclaw\/2026\/02\/18\/16-02-2026-spotkanie-swiateczno-noworoczne-ostatki-2\/","title":{"rendered":"16.02.2026 &#8211; spotkanie \u015awi\u0105teczno-Noworoczne &#8222;Ostatki&#8221;"},"content":{"rendered":"<div class=\"xdj266r x14z9mp xat24cr x1lziwak x1vvkbs x126k92a\">\n<div dir=\"auto\">W dniu dzisiejszym tj. 16.02.2026 r. (poniedzia\u0142ek) odby\u0142o si\u0119 spotkanie \u015awi\u0105teczno-Noworoczne &#8222;Ostatki&#8221; w sala Restauracji Bierhalle .<\/div>\n<div dir=\"auto\">Przyby\u0142o wielu naszych Cz\u0142onki\u0144 i Cz\u0142onk\u00f3w.<\/div>\n<div dir=\"auto\">Przeurocze spotkanie, pe\u0142ne rozm\u00f3w, wspomnie\u0144, dowcip\u00f3w i oczywi\u015bcie spraw bie\u017c\u0105cych.<\/div>\n<div dir=\"auto\">Spotkanie rozpocz\u0105\u0142 Przewodnicz\u0105cy Oddzia\u0142u i to by\u0142o jedyne przem\u00f3wienie na tym spotkaniu. Potem by\u0142o tylko s\u0142ycha\u0107 gwar rozm\u00f3w i w tle muzyk\u0119 Jahann&#8217;a Strauss&#8217;a syna.<\/div>\n<\/div>\n<div class=\"x14z9mp xat24cr x1lziwak x1vvkbs xtlvy1s x126k92a\">\n<div dir=\"auto\">Zarz\u0105d Oddzia\u0142u ZASP Oddz. we Wroc\u0142awiu dzi\u0119kuje wszystkim za przybycie i i\u015bcie rodzinn\u0105 atmosfer\u0119.<\/div>\n<\/div>\n<div class=\"x14z9mp xat24cr x1lziwak x1vvkbs xtlvy1s x126k92a\">\n<div dir=\"auto\">Wszystkim \u017cyczymy jeszcze raz zdrowia i wszelkiej pomy\u015blno\u015bci!<\/div>\n<\/div>\n<div dir=\"auto\"><\/div>\n<div dir=\"auto\">\n<div id='gallery-1' class='gallery galleryid-3180 gallery-columns-2 gallery-size-medium'><figure class='gallery-item'>\n\t\t\t<div class='gallery-icon landscape'>\n\t\t\t\t<a href='https:\/\/zasp.pl\/wroclaw\/2026\/02\/18\/16-02-2026-spotkanie-swiateczno-noworoczne-ostatki-2\/dsc09611\/'><img fetchpriority=\"high\" decoding=\"async\" width=\"300\" height=\"225\" src=\"https:\/\/zasp.pl\/wroclaw\/wp-content\/uploads\/2026\/02\/DSC09611-300x225.jpg\" class=\"attachment-medium size-medium\" alt=\"\" srcset=\"https:\/\/zasp.pl\/wroclaw\/wp-content\/uploads\/2026\/02\/DSC09611-300x225.jpg 300w, https:\/\/zasp.pl\/wroclaw\/wp-content\/uploads\/2026\/02\/DSC09611-1024x768.jpg 1024w, https:\/\/zasp.pl\/wroclaw\/wp-content\/uploads\/2026\/02\/DSC09611-768x576.jpg 768w, https:\/\/zasp.pl\/wroclaw\/wp-content\/uploads\/2026\/02\/DSC09611-1536x1152.jpg 1536w, https:\/\/zasp.pl\/wroclaw\/wp-content\/uploads\/2026\/02\/DSC09611-2048x1536.jpg 2048w\" sizes=\"(max-width: 300px) 100vw, 300px\" \/><\/a>\n\t\t\t<\/div><\/figure><figure class='gallery-item'>\n\t\t\t<div class='gallery-icon landscape'>\n\t\t\t\t<a href='https:\/\/zasp.pl\/wroclaw\/2026\/02\/18\/16-02-2026-spotkanie-swiateczno-noworoczne-ostatki-2\/dsc09610\/'><img decoding=\"async\" width=\"300\" height=\"225\" src=\"https:\/\/zasp.pl\/wroclaw\/wp-content\/uploads\/2026\/02\/DSC09610-300x225.jpg\" class=\"attachment-medium size-medium\" alt=\"\" srcset=\"https:\/\/zasp.pl\/wroclaw\/wp-content\/uploads\/2026\/02\/DSC09610-300x225.jpg 300w, https:\/\/zasp.pl\/wroclaw\/wp-content\/uploads\/2026\/02\/DSC09610-1024x768.jpg 1024w, https:\/\/zasp.pl\/wroclaw\/wp-content\/uploads\/2026\/02\/DSC09610-768x576.jpg 768w, https:\/\/zasp.pl\/wroclaw\/wp-content\/uploads\/2026\/02\/DSC09610-1536x1152.jpg 1536w, https:\/\/zasp.pl\/wroclaw\/wp-content\/uploads\/2026\/02\/DSC09610-2048x1536.jpg 2048w\" sizes=\"(max-width: 300px) 100vw, 300px\" \/><\/a>\n\t\t\t<\/div><\/figure><figure class='gallery-item'>\n\t\t\t<div class='gallery-icon landscape'>\n\t\t\t\t<a href='https:\/\/zasp.pl\/wroclaw\/2026\/02\/18\/16-02-2026-spotkanie-swiateczno-noworoczne-ostatki-2\/dsc09609\/'><img decoding=\"async\" width=\"300\" height=\"225\" src=\"https:\/\/zasp.pl\/wroclaw\/wp-content\/uploads\/2026\/02\/DSC09609-300x225.jpg\" class=\"attachment-medium size-medium\" alt=\"\" srcset=\"https:\/\/zasp.pl\/wroclaw\/wp-content\/uploads\/2026\/02\/DSC09609-300x225.jpg 300w, https:\/\/zasp.pl\/wroclaw\/wp-content\/uploads\/2026\/02\/DSC09609-1024x768.jpg 1024w, https:\/\/zasp.pl\/wroclaw\/wp-content\/uploads\/2026\/02\/DSC09609-768x576.jpg 768w, https:\/\/zasp.pl\/wroclaw\/wp-content\/uploads\/2026\/02\/DSC09609-1536x1152.jpg 1536w, https:\/\/zasp.pl\/wroclaw\/wp-content\/uploads\/2026\/02\/DSC09609-2048x1536.jpg 2048w\" sizes=\"(max-width: 300px) 100vw, 300px\" \/><\/a>\n\t\t\t<\/div><\/figure><figure class='gallery-item'>\n\t\t\t<div class='gallery-icon landscape'>\n\t\t\t\t<a href='https:\/\/zasp.pl\/wroclaw\/2026\/02\/18\/16-02-2026-spotkanie-swiateczno-noworoczne-ostatki-2\/dsc09608\/'><img loading=\"lazy\" decoding=\"async\" width=\"300\" height=\"225\" src=\"https:\/\/zasp.pl\/wroclaw\/wp-content\/uploads\/2026\/02\/DSC09608-300x225.jpg\" class=\"attachment-medium size-medium\" alt=\"\" srcset=\"https:\/\/zasp.pl\/wroclaw\/wp-content\/uploads\/2026\/02\/DSC09608-300x225.jpg 300w, https:\/\/zasp.pl\/wroclaw\/wp-content\/uploads\/2026\/02\/DSC09608-1024x768.jpg 1024w, https:\/\/zasp.pl\/wroclaw\/wp-content\/uploads\/2026\/02\/DSC09608-768x576.jpg 768w, https:\/\/zasp.pl\/wroclaw\/wp-content\/uploads\/2026\/02\/DSC09608-1536x1152.jpg 1536w, https:\/\/zasp.pl\/wroclaw\/wp-content\/uploads\/2026\/02\/DSC09608-2048x1536.jpg 2048w\" sizes=\"(max-width: 300px) 100vw, 300px\" \/><\/a>\n\t\t\t<\/div><\/figure><figure class='gallery-item'>\n\t\t\t<div class='gallery-icon landscape'>\n\t\t\t\t<a href='https:\/\/zasp.pl\/wroclaw\/2026\/02\/18\/16-02-2026-spotkanie-swiateczno-noworoczne-ostatki-2\/dsc09607\/'><img loading=\"lazy\" decoding=\"async\" width=\"300\" height=\"225\" src=\"https:\/\/zasp.pl\/wroclaw\/wp-content\/uploads\/2026\/02\/DSC09607-300x225.jpg\" class=\"attachment-medium size-medium\" alt=\"\" srcset=\"https:\/\/zasp.pl\/wroclaw\/wp-content\/uploads\/2026\/02\/DSC09607-300x225.jpg 300w, https:\/\/zasp.pl\/wroclaw\/wp-content\/uploads\/2026\/02\/DSC09607-1024x768.jpg 1024w, https:\/\/zasp.pl\/wroclaw\/wp-content\/uploads\/2026\/02\/DSC09607-768x576.jpg 768w, https:\/\/zasp.pl\/wroclaw\/wp-content\/uploads\/2026\/02\/DSC09607-1536x1152.jpg 1536w, https:\/\/zasp.pl\/wroclaw\/wp-content\/uploads\/2026\/02\/DSC09607-2048x1536.jpg 2048w\" sizes=\"(max-width: 300px) 100vw, 300px\" \/><\/a>\n\t\t\t<\/div><\/figure><figure class='gallery-item'>\n\t\t\t<div class='gallery-icon landscape'>\n\t\t\t\t<a href='https:\/\/zasp.pl\/wroclaw\/2026\/02\/18\/16-02-2026-spotkanie-swiateczno-noworoczne-ostatki-2\/dsc09605\/'><img loading=\"lazy\" decoding=\"async\" width=\"300\" height=\"225\" src=\"https:\/\/zasp.pl\/wroclaw\/wp-content\/uploads\/2026\/02\/DSC09605-300x225.jpg\" class=\"attachment-medium size-medium\" alt=\"\" srcset=\"https:\/\/zasp.pl\/wroclaw\/wp-content\/uploads\/2026\/02\/DSC09605-300x225.jpg 300w, https:\/\/zasp.pl\/wroclaw\/wp-content\/uploads\/2026\/02\/DSC09605-1024x768.jpg 1024w, https:\/\/zasp.pl\/wroclaw\/wp-content\/uploads\/2026\/02\/DSC09605-768x576.jpg 768w, https:\/\/zasp.pl\/wroclaw\/wp-content\/uploads\/2026\/02\/DSC09605-1536x1152.jpg 1536w, https:\/\/zasp.pl\/wroclaw\/wp-content\/uploads\/2026\/02\/DSC09605-2048x1536.jpg 2048w\" sizes=\"(max-width: 300px) 100vw, 300px\" \/><\/a>\n\t\t\t<\/div><\/figure><figure class='gallery-item'>\n\t\t\t<div class='gallery-icon landscape'>\n\t\t\t\t<a href='https:\/\/zasp.pl\/wroclaw\/2026\/02\/18\/16-02-2026-spotkanie-swiateczno-noworoczne-ostatki-2\/dsc09604\/'><img loading=\"lazy\" decoding=\"async\" width=\"300\" height=\"225\" src=\"https:\/\/zasp.pl\/wroclaw\/wp-content\/uploads\/2026\/02\/DSC09604-300x225.jpg\" class=\"attachment-medium size-medium\" alt=\"\" srcset=\"https:\/\/zasp.pl\/wroclaw\/wp-content\/uploads\/2026\/02\/DSC09604-300x225.jpg 300w, https:\/\/zasp.pl\/wroclaw\/wp-content\/uploads\/2026\/02\/DSC09604-1024x768.jpg 1024w, https:\/\/zasp.pl\/wroclaw\/wp-content\/uploads\/2026\/02\/DSC09604-768x576.jpg 768w, https:\/\/zasp.pl\/wroclaw\/wp-content\/uploads\/2026\/02\/DSC09604-1536x1152.jpg 1536w, https:\/\/zasp.pl\/wroclaw\/wp-content\/uploads\/2026\/02\/DSC09604-2048x1536.jpg 2048w\" sizes=\"(max-width: 300px) 100vw, 300px\" \/><\/a>\n\t\t\t<\/div><\/figure><figure class='gallery-item'>\n\t\t\t<div class='gallery-icon landscape'>\n\t\t\t\t<a href='https:\/\/zasp.pl\/wroclaw\/2026\/02\/18\/16-02-2026-spotkanie-swiateczno-noworoczne-ostatki-2\/dsc09603\/'><img loading=\"lazy\" decoding=\"async\" width=\"300\" height=\"225\" src=\"https:\/\/zasp.pl\/wroclaw\/wp-content\/uploads\/2026\/02\/DSC09603-300x225.jpg\" class=\"attachment-medium size-medium\" alt=\"\" srcset=\"https:\/\/zasp.pl\/wroclaw\/wp-content\/uploads\/2026\/02\/DSC09603-300x225.jpg 300w, https:\/\/zasp.pl\/wroclaw\/wp-content\/uploads\/2026\/02\/DSC09603-1024x768.jpg 1024w, https:\/\/zasp.pl\/wroclaw\/wp-content\/uploads\/2026\/02\/DSC09603-768x576.jpg 768w, https:\/\/zasp.pl\/wroclaw\/wp-content\/uploads\/2026\/02\/DSC09603-1536x1152.jpg 1536w, https:\/\/zasp.pl\/wroclaw\/wp-content\/uploads\/2026\/02\/DSC09603-2048x1536.jpg 2048w\" sizes=\"(max-width: 300px) 100vw, 300px\" \/><\/a>\n\t\t\t<\/div><\/figure><figure class='gallery-item'>\n\t\t\t<div class='gallery-icon landscape'>\n\t\t\t\t<a href='https:\/\/zasp.pl\/wroclaw\/2026\/02\/18\/16-02-2026-spotkanie-swiateczno-noworoczne-ostatki-2\/dsc09601\/'><img loading=\"lazy\" decoding=\"async\" width=\"300\" height=\"225\" src=\"https:\/\/zasp.pl\/wroclaw\/wp-content\/uploads\/2026\/02\/DSC09601-300x225.jpg\" class=\"attachment-medium size-medium\" alt=\"\" srcset=\"https:\/\/zasp.pl\/wroclaw\/wp-content\/uploads\/2026\/02\/DSC09601-300x225.jpg 300w, https:\/\/zasp.pl\/wroclaw\/wp-content\/uploads\/2026\/02\/DSC09601-1024x768.jpg 1024w, https:\/\/zasp.pl\/wroclaw\/wp-content\/uploads\/2026\/02\/DSC09601-768x576.jpg 768w, https:\/\/zasp.pl\/wroclaw\/wp-content\/uploads\/2026\/02\/DSC09601-1536x1152.jpg 1536w, https:\/\/zasp.pl\/wroclaw\/wp-content\/uploads\/2026\/02\/DSC09601-2048x1536.jpg 2048w\" sizes=\"(max-width: 300px) 100vw, 300px\" \/><\/a>\n\t\t\t<\/div><\/figure><figure class='gallery-item'>\n\t\t\t<div class='gallery-icon landscape'>\n\t\t\t\t<a href='https:\/\/zasp.pl\/wroclaw\/2026\/02\/18\/16-02-2026-spotkanie-swiateczno-noworoczne-ostatki-2\/dsc09600\/'><img loading=\"lazy\" decoding=\"async\" width=\"300\" height=\"225\" src=\"https:\/\/zasp.pl\/wroclaw\/wp-content\/uploads\/2026\/02\/DSC09600-300x225.jpg\" class=\"attachment-medium size-medium\" alt=\"\" srcset=\"https:\/\/zasp.pl\/wroclaw\/wp-content\/uploads\/2026\/02\/DSC09600-300x225.jpg 300w, https:\/\/zasp.pl\/wroclaw\/wp-content\/uploads\/2026\/02\/DSC09600-1024x768.jpg 1024w, https:\/\/zasp.pl\/wroclaw\/wp-content\/uploads\/2026\/02\/DSC09600-768x576.jpg 768w, https:\/\/zasp.pl\/wroclaw\/wp-content\/uploads\/2026\/02\/DSC09600-1536x1152.jpg 1536w, https:\/\/zasp.pl\/wroclaw\/wp-content\/uploads\/2026\/02\/DSC09600-2048x1536.jpg 2048w\" sizes=\"(max-width: 300px) 100vw, 300px\" \/><\/a>\n\t\t\t<\/div><\/figure><figure class='gallery-item'>\n\t\t\t<div class='gallery-icon landscape'>\n\t\t\t\t<a href='https:\/\/zasp.pl\/wroclaw\/2026\/02\/18\/16-02-2026-spotkanie-swiateczno-noworoczne-ostatki-2\/dsc09599\/'><img loading=\"lazy\" decoding=\"async\" width=\"300\" height=\"225\" src=\"https:\/\/zasp.pl\/wroclaw\/wp-content\/uploads\/2026\/02\/DSC09599-300x225.jpg\" class=\"attachment-medium size-medium\" alt=\"\" srcset=\"https:\/\/zasp.pl\/wroclaw\/wp-content\/uploads\/2026\/02\/DSC09599-300x225.jpg 300w, https:\/\/zasp.pl\/wroclaw\/wp-content\/uploads\/2026\/02\/DSC09599-1024x768.jpg 1024w, https:\/\/zasp.pl\/wroclaw\/wp-content\/uploads\/2026\/02\/DSC09599-768x576.jpg 768w, https:\/\/zasp.pl\/wroclaw\/wp-content\/uploads\/2026\/02\/DSC09599-1536x1152.jpg 1536w, https:\/\/zasp.pl\/wroclaw\/wp-content\/uploads\/2026\/02\/DSC09599-2048x1536.jpg 2048w\" sizes=\"(max-width: 300px) 100vw, 300px\" \/><\/a>\n\t\t\t<\/div><\/figure><figure class='gallery-item'>\n\t\t\t<div class='gallery-icon landscape'>\n\t\t\t\t<a href='https:\/\/zasp.pl\/wroclaw\/2026\/02\/18\/16-02-2026-spotkanie-swiateczno-noworoczne-ostatki-2\/dsc09596\/'><img loading=\"lazy\" decoding=\"async\" width=\"300\" height=\"225\" src=\"https:\/\/zasp.pl\/wroclaw\/wp-content\/uploads\/2026\/02\/DSC09596-300x225.jpg\" class=\"attachment-medium size-medium\" alt=\"\" srcset=\"https:\/\/zasp.pl\/wroclaw\/wp-content\/uploads\/2026\/02\/DSC09596-300x225.jpg 300w, https:\/\/zasp.pl\/wroclaw\/wp-content\/uploads\/2026\/02\/DSC09596-1024x768.jpg 1024w, https:\/\/zasp.pl\/wroclaw\/wp-content\/uploads\/2026\/02\/DSC09596-768x576.jpg 768w, https:\/\/zasp.pl\/wroclaw\/wp-content\/uploads\/2026\/02\/DSC09596-1536x1152.jpg 1536w, https:\/\/zasp.pl\/wroclaw\/wp-content\/uploads\/2026\/02\/DSC09596-2048x1536.jpg 2048w\" sizes=\"(max-width: 300px) 100vw, 300px\" \/><\/a>\n\t\t\t<\/div><\/figure><figure class='gallery-item'>\n\t\t\t<div class='gallery-icon landscape'>\n\t\t\t\t<a href='https:\/\/zasp.pl\/wroclaw\/2026\/02\/18\/16-02-2026-spotkanie-swiateczno-noworoczne-ostatki-2\/dsc09594\/'><img loading=\"lazy\" decoding=\"async\" width=\"300\" height=\"225\" src=\"https:\/\/zasp.pl\/wroclaw\/wp-content\/uploads\/2026\/02\/DSC09594-300x225.jpg\" class=\"attachment-medium size-medium\" alt=\"\" srcset=\"https:\/\/zasp.pl\/wroclaw\/wp-content\/uploads\/2026\/02\/DSC09594-300x225.jpg 300w, https:\/\/zasp.pl\/wroclaw\/wp-content\/uploads\/2026\/02\/DSC09594-1024x768.jpg 1024w, https:\/\/zasp.pl\/wroclaw\/wp-content\/uploads\/2026\/02\/DSC09594-768x576.jpg 768w, https:\/\/zasp.pl\/wroclaw\/wp-content\/uploads\/2026\/02\/DSC09594-1536x1152.jpg 1536w, https:\/\/zasp.pl\/wroclaw\/wp-content\/uploads\/2026\/02\/DSC09594-2048x1536.jpg 2048w\" sizes=\"(max-width: 300px) 100vw, 300px\" \/><\/a>\n\t\t\t<\/div><\/figure><figure class='gallery-item'>\n\t\t\t<div class='gallery-icon landscape'>\n\t\t\t\t<a href='https:\/\/zasp.pl\/wroclaw\/2026\/02\/18\/16-02-2026-spotkanie-swiateczno-noworoczne-ostatki-2\/dsc09593\/'><img loading=\"lazy\" decoding=\"async\" width=\"300\" height=\"225\" src=\"https:\/\/zasp.pl\/wroclaw\/wp-content\/uploads\/2026\/02\/DSC09593-300x225.jpg\" class=\"attachment-medium size-medium\" alt=\"\" srcset=\"https:\/\/zasp.pl\/wroclaw\/wp-content\/uploads\/2026\/02\/DSC09593-300x225.jpg 300w, https:\/\/zasp.pl\/wroclaw\/wp-content\/uploads\/2026\/02\/DSC09593-1024x768.jpg 1024w, https:\/\/zasp.pl\/wroclaw\/wp-content\/uploads\/2026\/02\/DSC09593-768x576.jpg 768w, https:\/\/zasp.pl\/wroclaw\/wp-content\/uploads\/2026\/02\/DSC09593-1536x1152.jpg 1536w, https:\/\/zasp.pl\/wroclaw\/wp-content\/uploads\/2026\/02\/DSC09593-2048x1536.jpg 2048w\" sizes=\"(max-width: 300px) 100vw, 300px\" \/><\/a>\n\t\t\t<\/div><\/figure><figure class='gallery-item'>\n\t\t\t<div class='gallery-icon landscape'>\n\t\t\t\t<a href='https:\/\/zasp.pl\/wroclaw\/2026\/02\/18\/16-02-2026-spotkanie-swiateczno-noworoczne-ostatki-2\/637875553_122256966410155382_7146301707494051638_n\/'><img loading=\"lazy\" decoding=\"async\" width=\"300\" height=\"225\" src=\"https:\/\/zasp.pl\/wroclaw\/wp-content\/uploads\/2026\/02\/637875553_122256966410155382_7146301707494051638_n-300x225.jpg\" class=\"attachment-medium size-medium\" alt=\"\" srcset=\"https:\/\/zasp.pl\/wroclaw\/wp-content\/uploads\/2026\/02\/637875553_122256966410155382_7146301707494051638_n-300x225.jpg 300w, https:\/\/zasp.pl\/wroclaw\/wp-content\/uploads\/2026\/02\/637875553_122256966410155382_7146301707494051638_n-1024x768.jpg 1024w, https:\/\/zasp.pl\/wroclaw\/wp-content\/uploads\/2026\/02\/637875553_122256966410155382_7146301707494051638_n-768x576.jpg 768w, https:\/\/zasp.pl\/wroclaw\/wp-content\/uploads\/2026\/02\/637875553_122256966410155382_7146301707494051638_n-1536x1152.jpg 1536w, https:\/\/zasp.pl\/wroclaw\/wp-content\/uploads\/2026\/02\/637875553_122256966410155382_7146301707494051638_n.jpg 2048w\" sizes=\"(max-width: 300px) 100vw, 300px\" \/><\/a>\n\t\t\t<\/div><\/figure><figure class='gallery-item'>\n\t\t\t<div class='gallery-icon landscape'>\n\t\t\t\t<a href='https:\/\/zasp.pl\/wroclaw\/2026\/02\/18\/16-02-2026-spotkanie-swiateczno-noworoczne-ostatki-2\/637724930_122256966776155382_456089381117929772_n\/'><img loading=\"lazy\" decoding=\"async\" width=\"300\" height=\"225\" src=\"https:\/\/zasp.pl\/wroclaw\/wp-content\/uploads\/2026\/02\/637724930_122256966776155382_456089381117929772_n-300x225.jpg\" class=\"attachment-medium size-medium\" alt=\"\" srcset=\"https:\/\/zasp.pl\/wroclaw\/wp-content\/uploads\/2026\/02\/637724930_122256966776155382_456089381117929772_n-300x225.jpg 300w, https:\/\/zasp.pl\/wroclaw\/wp-content\/uploads\/2026\/02\/637724930_122256966776155382_456089381117929772_n-1024x768.jpg 1024w, https:\/\/zasp.pl\/wroclaw\/wp-content\/uploads\/2026\/02\/637724930_122256966776155382_456089381117929772_n-768x576.jpg 768w, https:\/\/zasp.pl\/wroclaw\/wp-content\/uploads\/2026\/02\/637724930_122256966776155382_456089381117929772_n-1536x1152.jpg 1536w, https:\/\/zasp.pl\/wroclaw\/wp-content\/uploads\/2026\/02\/637724930_122256966776155382_456089381117929772_n.jpg 2048w\" sizes=\"(max-width: 300px) 100vw, 300px\" \/><\/a>\n\t\t\t<\/div><\/figure><figure class='gallery-item'>\n\t\t\t<div class='gallery-icon landscape'>\n\t\t\t\t<a href='https:\/\/zasp.pl\/wroclaw\/2026\/02\/18\/16-02-2026-spotkanie-swiateczno-noworoczne-ostatki-2\/637654168_122256966668155382_3818700598885810638_n\/'><img loading=\"lazy\" decoding=\"async\" width=\"300\" height=\"225\" src=\"https:\/\/zasp.pl\/wroclaw\/wp-content\/uploads\/2026\/02\/637654168_122256966668155382_3818700598885810638_n-300x225.jpg\" class=\"attachment-medium size-medium\" alt=\"\" srcset=\"https:\/\/zasp.pl\/wroclaw\/wp-content\/uploads\/2026\/02\/637654168_122256966668155382_3818700598885810638_n-300x225.jpg 300w, https:\/\/zasp.pl\/wroclaw\/wp-content\/uploads\/2026\/02\/637654168_122256966668155382_3818700598885810638_n-1024x768.jpg 1024w, https:\/\/zasp.pl\/wroclaw\/wp-content\/uploads\/2026\/02\/637654168_122256966668155382_3818700598885810638_n-768x576.jpg 768w, https:\/\/zasp.pl\/wroclaw\/wp-content\/uploads\/2026\/02\/637654168_122256966668155382_3818700598885810638_n-1536x1152.jpg 1536w, https:\/\/zasp.pl\/wroclaw\/wp-content\/uploads\/2026\/02\/637654168_122256966668155382_3818700598885810638_n.jpg 2048w\" sizes=\"(max-width: 300px) 100vw, 300px\" \/><\/a>\n\t\t\t<\/div><\/figure><figure class='gallery-item'>\n\t\t\t<div class='gallery-icon landscape'>\n\t\t\t\t<a href='https:\/\/zasp.pl\/wroclaw\/2026\/02\/18\/16-02-2026-spotkanie-swiateczno-noworoczne-ostatki-2\/637652095_122256966392155382_7314217581844138448_n\/'><img loading=\"lazy\" decoding=\"async\" width=\"300\" height=\"225\" src=\"https:\/\/zasp.pl\/wroclaw\/wp-content\/uploads\/2026\/02\/637652095_122256966392155382_7314217581844138448_n-300x225.jpg\" class=\"attachment-medium size-medium\" alt=\"\" srcset=\"https:\/\/zasp.pl\/wroclaw\/wp-content\/uploads\/2026\/02\/637652095_122256966392155382_7314217581844138448_n-300x225.jpg 300w, https:\/\/zasp.pl\/wroclaw\/wp-content\/uploads\/2026\/02\/637652095_122256966392155382_7314217581844138448_n-1024x768.jpg 1024w, https:\/\/zasp.pl\/wroclaw\/wp-content\/uploads\/2026\/02\/637652095_122256966392155382_7314217581844138448_n-768x576.jpg 768w, https:\/\/zasp.pl\/wroclaw\/wp-content\/uploads\/2026\/02\/637652095_122256966392155382_7314217581844138448_n-1536x1152.jpg 1536w, https:\/\/zasp.pl\/wroclaw\/wp-content\/uploads\/2026\/02\/637652095_122256966392155382_7314217581844138448_n.jpg 2048w\" sizes=\"(max-width: 300px) 100vw, 300px\" \/><\/a>\n\t\t\t<\/div><\/figure><figure class='gallery-item'>\n\t\t\t<div class='gallery-icon landscape'>\n\t\t\t\t<a href='https:\/\/zasp.pl\/wroclaw\/2026\/02\/18\/16-02-2026-spotkanie-swiateczno-noworoczne-ostatki-2\/636764714_122256966758155382_6867385735518083853_n\/'><img loading=\"lazy\" decoding=\"async\" width=\"300\" height=\"225\" src=\"https:\/\/zasp.pl\/wroclaw\/wp-content\/uploads\/2026\/02\/636764714_122256966758155382_6867385735518083853_n-300x225.jpg\" class=\"attachment-medium size-medium\" alt=\"\" srcset=\"https:\/\/zasp.pl\/wroclaw\/wp-content\/uploads\/2026\/02\/636764714_122256966758155382_6867385735518083853_n-300x225.jpg 300w, https:\/\/zasp.pl\/wroclaw\/wp-content\/uploads\/2026\/02\/636764714_122256966758155382_6867385735518083853_n-1024x768.jpg 1024w, https:\/\/zasp.pl\/wroclaw\/wp-content\/uploads\/2026\/02\/636764714_122256966758155382_6867385735518083853_n-768x576.jpg 768w, https:\/\/zasp.pl\/wroclaw\/wp-content\/uploads\/2026\/02\/636764714_122256966758155382_6867385735518083853_n-1536x1152.jpg 1536w, https:\/\/zasp.pl\/wroclaw\/wp-content\/uploads\/2026\/02\/636764714_122256966758155382_6867385735518083853_n.jpg 2048w\" sizes=\"(max-width: 300px) 100vw, 300px\" \/><\/a>\n\t\t\t<\/div><\/figure><figure class='gallery-item'>\n\t\t\t<div class='gallery-icon landscape'>\n\t\t\t\t<a href='https:\/\/zasp.pl\/wroclaw\/2026\/02\/18\/16-02-2026-spotkanie-swiateczno-noworoczne-ostatki-2\/636828869_122256966596155382_3659889908639975731_n\/'><img loading=\"lazy\" decoding=\"async\" width=\"300\" height=\"225\" src=\"https:\/\/zasp.pl\/wroclaw\/wp-content\/uploads\/2026\/02\/636828869_122256966596155382_3659889908639975731_n-300x225.jpg\" class=\"attachment-medium size-medium\" alt=\"\" srcset=\"https:\/\/zasp.pl\/wroclaw\/wp-content\/uploads\/2026\/02\/636828869_122256966596155382_3659889908639975731_n-300x225.jpg 300w, https:\/\/zasp.pl\/wroclaw\/wp-content\/uploads\/2026\/02\/636828869_122256966596155382_3659889908639975731_n-1024x768.jpg 1024w, https:\/\/zasp.pl\/wroclaw\/wp-content\/uploads\/2026\/02\/636828869_122256966596155382_3659889908639975731_n-768x576.jpg 768w, https:\/\/zasp.pl\/wroclaw\/wp-content\/uploads\/2026\/02\/636828869_122256966596155382_3659889908639975731_n-1536x1152.jpg 1536w, https:\/\/zasp.pl\/wroclaw\/wp-content\/uploads\/2026\/02\/636828869_122256966596155382_3659889908639975731_n.jpg 2048w\" sizes=\"(max-width: 300px) 100vw, 300px\" \/><\/a>\n\t\t\t<\/div><\/figure><figure class='gallery-item'>\n\t\t\t<div class='gallery-icon landscape'>\n\t\t\t\t<a href='https:\/\/zasp.pl\/wroclaw\/2026\/02\/18\/16-02-2026-spotkanie-swiateczno-noworoczne-ostatki-2\/636756414_122256966422155382_1549397529665650156_n\/'><img loading=\"lazy\" decoding=\"async\" width=\"300\" height=\"225\" src=\"https:\/\/zasp.pl\/wroclaw\/wp-content\/uploads\/2026\/02\/636756414_122256966422155382_1549397529665650156_n-300x225.jpg\" class=\"attachment-medium size-medium\" alt=\"\" srcset=\"https:\/\/zasp.pl\/wroclaw\/wp-content\/uploads\/2026\/02\/636756414_122256966422155382_1549397529665650156_n-300x225.jpg 300w, https:\/\/zasp.pl\/wroclaw\/wp-content\/uploads\/2026\/02\/636756414_122256966422155382_1549397529665650156_n-1024x768.jpg 1024w, https:\/\/zasp.pl\/wroclaw\/wp-content\/uploads\/2026\/02\/636756414_122256966422155382_1549397529665650156_n-768x576.jpg 768w, https:\/\/zasp.pl\/wroclaw\/wp-content\/uploads\/2026\/02\/636756414_122256966422155382_1549397529665650156_n-1536x1152.jpg 1536w, https:\/\/zasp.pl\/wroclaw\/wp-content\/uploads\/2026\/02\/636756414_122256966422155382_1549397529665650156_n.jpg 2048w\" sizes=\"(max-width: 300px) 100vw, 300px\" \/><\/a>\n\t\t\t<\/div><\/figure><figure class='gallery-item'>\n\t\t\t<div class='gallery-icon landscape'>\n\t\t\t\t<a href='https:\/\/zasp.pl\/wroclaw\/2026\/02\/18\/16-02-2026-spotkanie-swiateczno-noworoczne-ostatki-2\/636691013_122256966092155382_4583239385551266793_n\/'><img loading=\"lazy\" decoding=\"async\" width=\"300\" height=\"225\" src=\"https:\/\/zasp.pl\/wroclaw\/wp-content\/uploads\/2026\/02\/636691013_122256966092155382_4583239385551266793_n-300x225.jpg\" class=\"attachment-medium size-medium\" alt=\"\" srcset=\"https:\/\/zasp.pl\/wroclaw\/wp-content\/uploads\/2026\/02\/636691013_122256966092155382_4583239385551266793_n-300x225.jpg 300w, https:\/\/zasp.pl\/wroclaw\/wp-content\/uploads\/2026\/02\/636691013_122256966092155382_4583239385551266793_n-1024x768.jpg 1024w, https:\/\/zasp.pl\/wroclaw\/wp-content\/uploads\/2026\/02\/636691013_122256966092155382_4583239385551266793_n-768x576.jpg 768w, https:\/\/zasp.pl\/wroclaw\/wp-content\/uploads\/2026\/02\/636691013_122256966092155382_4583239385551266793_n-1536x1152.jpg 1536w, https:\/\/zasp.pl\/wroclaw\/wp-content\/uploads\/2026\/02\/636691013_122256966092155382_4583239385551266793_n.jpg 2048w\" sizes=\"(max-width: 300px) 100vw, 300px\" \/><\/a>\n\t\t\t<\/div><\/figure><figure class='gallery-item'>\n\t\t\t<div class='gallery-icon landscape'>\n\t\t\t\t<a href='https:\/\/zasp.pl\/wroclaw\/2026\/02\/18\/16-02-2026-spotkanie-swiateczno-noworoczne-ostatki-2\/636664942_122256966560155382_8504049833963394828_n\/'><img loading=\"lazy\" decoding=\"async\" width=\"300\" height=\"225\" src=\"https:\/\/zasp.pl\/wroclaw\/wp-content\/uploads\/2026\/02\/636664942_122256966560155382_8504049833963394828_n-300x225.jpg\" class=\"attachment-medium size-medium\" alt=\"\" srcset=\"https:\/\/zasp.pl\/wroclaw\/wp-content\/uploads\/2026\/02\/636664942_122256966560155382_8504049833963394828_n-300x225.jpg 300w, https:\/\/zasp.pl\/wroclaw\/wp-content\/uploads\/2026\/02\/636664942_122256966560155382_8504049833963394828_n-1024x768.jpg 1024w, https:\/\/zasp.pl\/wroclaw\/wp-content\/uploads\/2026\/02\/636664942_122256966560155382_8504049833963394828_n-768x576.jpg 768w, https:\/\/zasp.pl\/wroclaw\/wp-content\/uploads\/2026\/02\/636664942_122256966560155382_8504049833963394828_n-1536x1152.jpg 1536w, https:\/\/zasp.pl\/wroclaw\/wp-content\/uploads\/2026\/02\/636664942_122256966560155382_8504049833963394828_n.jpg 2048w\" sizes=\"(max-width: 300px) 100vw, 300px\" \/><\/a>\n\t\t\t<\/div><\/figure><figure class='gallery-item'>\n\t\t\t<div class='gallery-icon landscape'>\n\t\t\t\t<a href='https:\/\/zasp.pl\/wroclaw\/2026\/02\/18\/16-02-2026-spotkanie-swiateczno-noworoczne-ostatki-2\/636620128_122256966524155382_8677831051102466629_n\/'><img loading=\"lazy\" decoding=\"async\" width=\"300\" height=\"225\" src=\"https:\/\/zasp.pl\/wroclaw\/wp-content\/uploads\/2026\/02\/636620128_122256966524155382_8677831051102466629_n-300x225.jpg\" class=\"attachment-medium size-medium\" alt=\"\" srcset=\"https:\/\/zasp.pl\/wroclaw\/wp-content\/uploads\/2026\/02\/636620128_122256966524155382_8677831051102466629_n-300x225.jpg 300w, https:\/\/zasp.pl\/wroclaw\/wp-content\/uploads\/2026\/02\/636620128_122256966524155382_8677831051102466629_n-1024x768.jpg 1024w, https:\/\/zasp.pl\/wroclaw\/wp-content\/uploads\/2026\/02\/636620128_122256966524155382_8677831051102466629_n-768x576.jpg 768w, https:\/\/zasp.pl\/wroclaw\/wp-content\/uploads\/2026\/02\/636620128_122256966524155382_8677831051102466629_n-1536x1152.jpg 1536w, https:\/\/zasp.pl\/wroclaw\/wp-content\/uploads\/2026\/02\/636620128_122256966524155382_8677831051102466629_n.jpg 2048w\" sizes=\"(max-width: 300px) 100vw, 300px\" \/><\/a>\n\t\t\t<\/div><\/figure><figure class='gallery-item'>\n\t\t\t<div class='gallery-icon portrait'>\n\t\t\t\t<a href='https:\/\/zasp.pl\/wroclaw\/2026\/02\/18\/16-02-2026-spotkanie-swiateczno-noworoczne-ostatki-2\/636176037_122256966722155382_3139725960105938386_n\/'><img loading=\"lazy\" decoding=\"async\" width=\"225\" height=\"300\" src=\"https:\/\/zasp.pl\/wroclaw\/wp-content\/uploads\/2026\/02\/636176037_122256966722155382_3139725960105938386_n-225x300.jpg\" class=\"attachment-medium size-medium\" alt=\"\" srcset=\"https:\/\/zasp.pl\/wroclaw\/wp-content\/uploads\/2026\/02\/636176037_122256966722155382_3139725960105938386_n-225x300.jpg 225w, https:\/\/zasp.pl\/wroclaw\/wp-content\/uploads\/2026\/02\/636176037_122256966722155382_3139725960105938386_n-768x1024.jpg 768w, https:\/\/zasp.pl\/wroclaw\/wp-content\/uploads\/2026\/02\/636176037_122256966722155382_3139725960105938386_n-1152x1536.jpg 1152w, https:\/\/zasp.pl\/wroclaw\/wp-content\/uploads\/2026\/02\/636176037_122256966722155382_3139725960105938386_n.jpg 1536w\" sizes=\"(max-width: 225px) 100vw, 225px\" \/><\/a>\n\t\t\t<\/div><\/figure><figure class='gallery-item'>\n\t\t\t<div class='gallery-icon landscape'>\n\t\t\t\t<a href='https:\/\/zasp.pl\/wroclaw\/2026\/02\/18\/16-02-2026-spotkanie-swiateczno-noworoczne-ostatki-2\/635203325_122256966158155382_9129592239345956417_n\/'><img loading=\"lazy\" decoding=\"async\" width=\"300\" height=\"225\" src=\"https:\/\/zasp.pl\/wroclaw\/wp-content\/uploads\/2026\/02\/635203325_122256966158155382_9129592239345956417_n-300x225.jpg\" class=\"attachment-medium size-medium\" alt=\"\" srcset=\"https:\/\/zasp.pl\/wroclaw\/wp-content\/uploads\/2026\/02\/635203325_122256966158155382_9129592239345956417_n-300x225.jpg 300w, https:\/\/zasp.pl\/wroclaw\/wp-content\/uploads\/2026\/02\/635203325_122256966158155382_9129592239345956417_n-1024x768.jpg 1024w, https:\/\/zasp.pl\/wroclaw\/wp-content\/uploads\/2026\/02\/635203325_122256966158155382_9129592239345956417_n-768x576.jpg 768w, https:\/\/zasp.pl\/wroclaw\/wp-content\/uploads\/2026\/02\/635203325_122256966158155382_9129592239345956417_n-1536x1152.jpg 1536w, https:\/\/zasp.pl\/wroclaw\/wp-content\/uploads\/2026\/02\/635203325_122256966158155382_9129592239345956417_n.jpg 2048w\" sizes=\"(max-width: 300px) 100vw, 300px\" \/><\/a>\n\t\t\t<\/div><\/figure><figure class='gallery-item'>\n\t\t\t<div class='gallery-icon landscape'>\n\t\t\t\t<a href='https:\/\/zasp.pl\/wroclaw\/2026\/02\/18\/16-02-2026-spotkanie-swiateczno-noworoczne-ostatki-2\/635064639_122256965498155382_6686008499012447874_n\/'><img loading=\"lazy\" decoding=\"async\" width=\"300\" height=\"225\" src=\"https:\/\/zasp.pl\/wroclaw\/wp-content\/uploads\/2026\/02\/635064639_122256965498155382_6686008499012447874_n-300x225.jpg\" class=\"attachment-medium size-medium\" alt=\"\" srcset=\"https:\/\/zasp.pl\/wroclaw\/wp-content\/uploads\/2026\/02\/635064639_122256965498155382_6686008499012447874_n-300x225.jpg 300w, https:\/\/zasp.pl\/wroclaw\/wp-content\/uploads\/2026\/02\/635064639_122256965498155382_6686008499012447874_n-1024x768.jpg 1024w, https:\/\/zasp.pl\/wroclaw\/wp-content\/uploads\/2026\/02\/635064639_122256965498155382_6686008499012447874_n-768x576.jpg 768w, https:\/\/zasp.pl\/wroclaw\/wp-content\/uploads\/2026\/02\/635064639_122256965498155382_6686008499012447874_n-1536x1152.jpg 1536w, https:\/\/zasp.pl\/wroclaw\/wp-content\/uploads\/2026\/02\/635064639_122256965498155382_6686008499012447874_n.jpg 1600w\" sizes=\"(max-width: 300px) 100vw, 300px\" \/><\/a>\n\t\t\t<\/div><\/figure><figure class='gallery-item'>\n\t\t\t<div class='gallery-icon landscape'>\n\t\t\t\t<a href='https:\/\/zasp.pl\/wroclaw\/2026\/02\/18\/16-02-2026-spotkanie-swiateczno-noworoczne-ostatki-2\/634988940_122256966212155382_4973551025493137162_n\/'><img loading=\"lazy\" decoding=\"async\" width=\"300\" height=\"225\" src=\"https:\/\/zasp.pl\/wroclaw\/wp-content\/uploads\/2026\/02\/634988940_122256966212155382_4973551025493137162_n-300x225.jpg\" class=\"attachment-medium size-medium\" alt=\"\" srcset=\"https:\/\/zasp.pl\/wroclaw\/wp-content\/uploads\/2026\/02\/634988940_122256966212155382_4973551025493137162_n-300x225.jpg 300w, https:\/\/zasp.pl\/wroclaw\/wp-content\/uploads\/2026\/02\/634988940_122256966212155382_4973551025493137162_n-1024x768.jpg 1024w, https:\/\/zasp.pl\/wroclaw\/wp-content\/uploads\/2026\/02\/634988940_122256966212155382_4973551025493137162_n-768x576.jpg 768w, https:\/\/zasp.pl\/wroclaw\/wp-content\/uploads\/2026\/02\/634988940_122256966212155382_4973551025493137162_n-1536x1152.jpg 1536w, https:\/\/zasp.pl\/wroclaw\/wp-content\/uploads\/2026\/02\/634988940_122256966212155382_4973551025493137162_n.jpg 2048w\" sizes=\"(max-width: 300px) 100vw, 300px\" \/><\/a>\n\t\t\t<\/div><\/figure><figure class='gallery-item'>\n\t\t\t<div class='gallery-icon landscape'>\n\t\t\t\t<a href='https:\/\/zasp.pl\/wroclaw\/2026\/02\/18\/16-02-2026-spotkanie-swiateczno-noworoczne-ostatki-2\/634961863_122256966572155382_5351145798527445789_n\/'><img loading=\"lazy\" decoding=\"async\" width=\"300\" height=\"225\" src=\"https:\/\/zasp.pl\/wroclaw\/wp-content\/uploads\/2026\/02\/634961863_122256966572155382_5351145798527445789_n-300x225.jpg\" class=\"attachment-medium size-medium\" alt=\"\" srcset=\"https:\/\/zasp.pl\/wroclaw\/wp-content\/uploads\/2026\/02\/634961863_122256966572155382_5351145798527445789_n-300x225.jpg 300w, https:\/\/zasp.pl\/wroclaw\/wp-content\/uploads\/2026\/02\/634961863_122256966572155382_5351145798527445789_n-1024x768.jpg 1024w, https:\/\/zasp.pl\/wroclaw\/wp-content\/uploads\/2026\/02\/634961863_122256966572155382_5351145798527445789_n-768x576.jpg 768w, https:\/\/zasp.pl\/wroclaw\/wp-content\/uploads\/2026\/02\/634961863_122256966572155382_5351145798527445789_n-1536x1152.jpg 1536w, https:\/\/zasp.pl\/wroclaw\/wp-content\/uploads\/2026\/02\/634961863_122256966572155382_5351145798527445789_n.jpg 2048w\" sizes=\"(max-width: 300px) 100vw, 300px\" \/><\/a>\n\t\t\t<\/div><\/figure><figure class='gallery-item'>\n\t\t\t<div class='gallery-icon landscape'>\n\t\t\t\t<a href='https:\/\/zasp.pl\/wroclaw\/2026\/02\/18\/16-02-2026-spotkanie-swiateczno-noworoczne-ostatki-2\/634666161_122256966266155382_4540653908450753631_n-1\/'><img loading=\"lazy\" decoding=\"async\" width=\"300\" height=\"225\" src=\"https:\/\/zasp.pl\/wroclaw\/wp-content\/uploads\/2026\/02\/634666161_122256966266155382_4540653908450753631_n-1-300x225.jpg\" class=\"attachment-medium size-medium\" alt=\"\" srcset=\"https:\/\/zasp.pl\/wroclaw\/wp-content\/uploads\/2026\/02\/634666161_122256966266155382_4540653908450753631_n-1-300x225.jpg 300w, https:\/\/zasp.pl\/wroclaw\/wp-content\/uploads\/2026\/02\/634666161_122256966266155382_4540653908450753631_n-1-1024x768.jpg 1024w, https:\/\/zasp.pl\/wroclaw\/wp-content\/uploads\/2026\/02\/634666161_122256966266155382_4540653908450753631_n-1-768x576.jpg 768w, https:\/\/zasp.pl\/wroclaw\/wp-content\/uploads\/2026\/02\/634666161_122256966266155382_4540653908450753631_n-1-1536x1152.jpg 1536w, https:\/\/zasp.pl\/wroclaw\/wp-content\/uploads\/2026\/02\/634666161_122256966266155382_4540653908450753631_n-1.jpg 2048w\" sizes=\"(max-width: 300px) 100vw, 300px\" \/><\/a>\n\t\t\t<\/div><\/figure><figure class='gallery-item'>\n\t\t\t<div class='gallery-icon landscape'>\n\t\t\t\t<a href='https:\/\/zasp.pl\/wroclaw\/2026\/02\/18\/16-02-2026-spotkanie-swiateczno-noworoczne-ostatki-2\/634261973_122256966482155382_2798609789657393376_n\/'><img loading=\"lazy\" decoding=\"async\" width=\"300\" height=\"225\" src=\"https:\/\/zasp.pl\/wroclaw\/wp-content\/uploads\/2026\/02\/634261973_122256966482155382_2798609789657393376_n-300x225.jpg\" class=\"attachment-medium size-medium\" alt=\"\" srcset=\"https:\/\/zasp.pl\/wroclaw\/wp-content\/uploads\/2026\/02\/634261973_122256966482155382_2798609789657393376_n-300x225.jpg 300w, https:\/\/zasp.pl\/wroclaw\/wp-content\/uploads\/2026\/02\/634261973_122256966482155382_2798609789657393376_n-1024x768.jpg 1024w, https:\/\/zasp.pl\/wroclaw\/wp-content\/uploads\/2026\/02\/634261973_122256966482155382_2798609789657393376_n-768x576.jpg 768w, https:\/\/zasp.pl\/wroclaw\/wp-content\/uploads\/2026\/02\/634261973_122256966482155382_2798609789657393376_n-1536x1152.jpg 1536w, https:\/\/zasp.pl\/wroclaw\/wp-content\/uploads\/2026\/02\/634261973_122256966482155382_2798609789657393376_n.jpg 2048w\" sizes=\"(max-width: 300px) 100vw, 300px\" \/><\/a>\n\t\t\t<\/div><\/figure><figure class='gallery-item'>\n\t\t\t<div class='gallery-icon landscape'>\n\t\t\t\t<a href='https:\/\/zasp.pl\/wroclaw\/2026\/02\/18\/16-02-2026-spotkanie-swiateczno-noworoczne-ostatki-2\/634232336_122256966692155382_6647031935786055026_n\/'><img loading=\"lazy\" decoding=\"async\" width=\"300\" height=\"225\" src=\"https:\/\/zasp.pl\/wroclaw\/wp-content\/uploads\/2026\/02\/634232336_122256966692155382_6647031935786055026_n-300x225.jpg\" class=\"attachment-medium size-medium\" alt=\"\" srcset=\"https:\/\/zasp.pl\/wroclaw\/wp-content\/uploads\/2026\/02\/634232336_122256966692155382_6647031935786055026_n-300x225.jpg 300w, https:\/\/zasp.pl\/wroclaw\/wp-content\/uploads\/2026\/02\/634232336_122256966692155382_6647031935786055026_n-1024x768.jpg 1024w, https:\/\/zasp.pl\/wroclaw\/wp-content\/uploads\/2026\/02\/634232336_122256966692155382_6647031935786055026_n-768x576.jpg 768w, https:\/\/zasp.pl\/wroclaw\/wp-content\/uploads\/2026\/02\/634232336_122256966692155382_6647031935786055026_n-1536x1152.jpg 1536w, https:\/\/zasp.pl\/wroclaw\/wp-content\/uploads\/2026\/02\/634232336_122256966692155382_6647031935786055026_n.jpg 2048w\" sizes=\"(max-width: 300px) 100vw, 300px\" \/><\/a>\n\t\t\t<\/div><\/figure><figure class='gallery-item'>\n\t\t\t<div class='gallery-icon landscape'>\n\t\t\t\t<a href='https:\/\/zasp.pl\/wroclaw\/2026\/02\/18\/16-02-2026-spotkanie-swiateczno-noworoczne-ostatki-2\/634048389_122256966074155382_8378137562103603354_n\/'><img loading=\"lazy\" decoding=\"async\" width=\"300\" height=\"225\" src=\"https:\/\/zasp.pl\/wroclaw\/wp-content\/uploads\/2026\/02\/634048389_122256966074155382_8378137562103603354_n-300x225.jpg\" class=\"attachment-medium size-medium\" alt=\"\" srcset=\"https:\/\/zasp.pl\/wroclaw\/wp-content\/uploads\/2026\/02\/634048389_122256966074155382_8378137562103603354_n-300x225.jpg 300w, https:\/\/zasp.pl\/wroclaw\/wp-content\/uploads\/2026\/02\/634048389_122256966074155382_8378137562103603354_n-1024x768.jpg 1024w, https:\/\/zasp.pl\/wroclaw\/wp-content\/uploads\/2026\/02\/634048389_122256966074155382_8378137562103603354_n-768x576.jpg 768w, https:\/\/zasp.pl\/wroclaw\/wp-content\/uploads\/2026\/02\/634048389_122256966074155382_8378137562103603354_n-1536x1152.jpg 1536w, https:\/\/zasp.pl\/wroclaw\/wp-content\/uploads\/2026\/02\/634048389_122256966074155382_8378137562103603354_n.jpg 2048w\" sizes=\"(max-width: 300px) 100vw, 300px\" \/><\/a>\n\t\t\t<\/div><\/figure><figure class='gallery-item'>\n\t\t\t<div class='gallery-icon landscape'>\n\t\t\t\t<a href='https:\/\/zasp.pl\/wroclaw\/2026\/02\/18\/16-02-2026-spotkanie-swiateczno-noworoczne-ostatki-2\/633859701_122256966350155382_5845210803347262568_n\/'><img loading=\"lazy\" decoding=\"async\" width=\"300\" height=\"225\" src=\"https:\/\/zasp.pl\/wroclaw\/wp-content\/uploads\/2026\/02\/633859701_122256966350155382_5845210803347262568_n-300x225.jpg\" class=\"attachment-medium size-medium\" alt=\"\" srcset=\"https:\/\/zasp.pl\/wroclaw\/wp-content\/uploads\/2026\/02\/633859701_122256966350155382_5845210803347262568_n-300x225.jpg 300w, https:\/\/zasp.pl\/wroclaw\/wp-content\/uploads\/2026\/02\/633859701_122256966350155382_5845210803347262568_n-1024x768.jpg 1024w, https:\/\/zasp.pl\/wroclaw\/wp-content\/uploads\/2026\/02\/633859701_122256966350155382_5845210803347262568_n-768x576.jpg 768w, https:\/\/zasp.pl\/wroclaw\/wp-content\/uploads\/2026\/02\/633859701_122256966350155382_5845210803347262568_n-1536x1152.jpg 1536w, https:\/\/zasp.pl\/wroclaw\/wp-content\/uploads\/2026\/02\/633859701_122256966350155382_5845210803347262568_n.jpg 2048w\" sizes=\"(max-width: 300px) 100vw, 300px\" \/><\/a>\n\t\t\t<\/div><\/figure><figure class='gallery-item'>\n\t\t\t<div class='gallery-icon landscape'>\n\t\t\t\t<a href='https:\/\/zasp.pl\/wroclaw\/2026\/02\/18\/16-02-2026-spotkanie-swiateczno-noworoczne-ostatki-2\/633760237_122256966650155382_3833059043352421573_n\/'><img loading=\"lazy\" decoding=\"async\" width=\"300\" height=\"225\" src=\"https:\/\/zasp.pl\/wroclaw\/wp-content\/uploads\/2026\/02\/633760237_122256966650155382_3833059043352421573_n-300x225.jpg\" class=\"attachment-medium size-medium\" alt=\"\" srcset=\"https:\/\/zasp.pl\/wroclaw\/wp-content\/uploads\/2026\/02\/633760237_122256966650155382_3833059043352421573_n-300x225.jpg 300w, https:\/\/zasp.pl\/wroclaw\/wp-content\/uploads\/2026\/02\/633760237_122256966650155382_3833059043352421573_n-1024x768.jpg 1024w, https:\/\/zasp.pl\/wroclaw\/wp-content\/uploads\/2026\/02\/633760237_122256966650155382_3833059043352421573_n-768x576.jpg 768w, https:\/\/zasp.pl\/wroclaw\/wp-content\/uploads\/2026\/02\/633760237_122256966650155382_3833059043352421573_n-1536x1152.jpg 1536w, https:\/\/zasp.pl\/wroclaw\/wp-content\/uploads\/2026\/02\/633760237_122256966650155382_3833059043352421573_n.jpg 2048w\" sizes=\"(max-width: 300px) 100vw, 300px\" \/><\/a>\n\t\t\t<\/div><\/figure><figure class='gallery-item'>\n\t\t\t<div class='gallery-icon landscape'>\n\t\t\t\t<a href='https:\/\/zasp.pl\/wroclaw\/2026\/02\/18\/16-02-2026-spotkanie-swiateczno-noworoczne-ostatki-2\/633061656_122256966632155382_3750245763524437827_n\/'><img loading=\"lazy\" decoding=\"async\" width=\"300\" height=\"225\" src=\"https:\/\/zasp.pl\/wroclaw\/wp-content\/uploads\/2026\/02\/633061656_122256966632155382_3750245763524437827_n-300x225.jpg\" class=\"attachment-medium size-medium\" alt=\"\" srcset=\"https:\/\/zasp.pl\/wroclaw\/wp-content\/uploads\/2026\/02\/633061656_122256966632155382_3750245763524437827_n-300x225.jpg 300w, https:\/\/zasp.pl\/wroclaw\/wp-content\/uploads\/2026\/02\/633061656_122256966632155382_3750245763524437827_n-1024x768.jpg 1024w, https:\/\/zasp.pl\/wroclaw\/wp-content\/uploads\/2026\/02\/633061656_122256966632155382_3750245763524437827_n-768x576.jpg 768w, https:\/\/zasp.pl\/wroclaw\/wp-content\/uploads\/2026\/02\/633061656_122256966632155382_3750245763524437827_n-1536x1152.jpg 1536w, https:\/\/zasp.pl\/wroclaw\/wp-content\/uploads\/2026\/02\/633061656_122256966632155382_3750245763524437827_n.jpg 2048w\" sizes=\"(max-width: 300px) 100vw, 300px\" \/><\/a>\n\t\t\t<\/div><\/figure><figure class='gallery-item'>\n\t\t\t<div class='gallery-icon landscape'>\n\t\t\t\t<a href='https:\/\/zasp.pl\/wroclaw\/2026\/02\/18\/16-02-2026-spotkanie-swiateczno-noworoczne-ostatki-2\/633191495_122256965582155382_7390235683393673505_n\/'><img loading=\"lazy\" decoding=\"async\" width=\"300\" height=\"225\" src=\"https:\/\/zasp.pl\/wroclaw\/wp-content\/uploads\/2026\/02\/633191495_122256965582155382_7390235683393673505_n-300x225.jpg\" class=\"attachment-medium size-medium\" alt=\"\" srcset=\"https:\/\/zasp.pl\/wroclaw\/wp-content\/uploads\/2026\/02\/633191495_122256965582155382_7390235683393673505_n-300x225.jpg 300w, https:\/\/zasp.pl\/wroclaw\/wp-content\/uploads\/2026\/02\/633191495_122256965582155382_7390235683393673505_n-1024x768.jpg 1024w, https:\/\/zasp.pl\/wroclaw\/wp-content\/uploads\/2026\/02\/633191495_122256965582155382_7390235683393673505_n-768x576.jpg 768w, https:\/\/zasp.pl\/wroclaw\/wp-content\/uploads\/2026\/02\/633191495_122256965582155382_7390235683393673505_n-1536x1152.jpg 1536w, https:\/\/zasp.pl\/wroclaw\/wp-content\/uploads\/2026\/02\/633191495_122256965582155382_7390235683393673505_n.jpg 1600w\" sizes=\"(max-width: 300px) 100vw, 300px\" \/><\/a>\n\t\t\t<\/div><\/figure>\n\t\t<\/div>\n\n<\/div>\n","protected":false},"excerpt":{"rendered":"<p>W dniu dzisiejszym tj. 16.02.2026 r. (poniedzia\u0142ek) odby\u0142o si\u0119 spotkanie \u015awi\u0105teczno-Noworoczne &#8222;Ostatki&#8221; w sala Restauracji Bierhalle . Przyby\u0142o wielu naszych Cz\u0142onki\u0144 i Cz\u0142onk\u00f3w. Przeurocze spotkanie, pe\u0142ne rozm\u00f3w, wspomnie\u0144, dowcip\u00f3w i oczywi\u015bcie spraw bie\u017c\u0105cych. Spotkanie rozpocz\u0105\u0142 Przewodnicz\u0105cy Oddzia\u0142u i to by\u0142o jedyne przem\u00f3wienie na tym spotkaniu. Potem by\u0142o tylko s\u0142ycha\u0107 gwar rozm\u00f3w i w tle muzyk\u0119 [&hellip;]<\/p>\n","protected":false},"author":2,"featured_media":3204,"comment_status":"open","ping_status":"closed","sticky":false,"template":"","format":"standard","meta":{"_acf_changed":false,"_exactmetrics_skip_tracking":false,"_exactmetrics_sitenote_active":false,"_exactmetrics_sitenote_note":"","_exactmetrics_sitenote_category":0,"footnotes":""},"categories":[11],"tags":[],"class_list":["post-3180","post","type-post","status-publish","format-standard","has-post-thumbnail","hentry","category-wydarzenia"],"acf":[],"_links":{"self":[{"href":"https:\/\/zasp.pl\/wroclaw\/wp-json\/wp\/v2\/posts\/3180","targetHints":{"allow":["GET"]}}],"collection":[{"href":"https:\/\/zasp.pl\/wroclaw\/wp-json\/wp\/v2\/posts"}],"about":[{"href":"https:\/\/zasp.pl\/wroclaw\/wp-json\/wp\/v2\/types\/post"}],"author":[{"embeddable":true,"href":"https:\/\/zasp.pl\/wroclaw\/wp-json\/wp\/v2\/users\/2"}],"replies":[{"embeddable":true,"href":"https:\/\/zasp.pl\/wroclaw\/wp-json\/wp\/v2\/comments?post=3180"}],"version-history":[{"count":3,"href":"https:\/\/zasp.pl\/wroclaw\/wp-json\/wp\/v2\/posts\/3180\/revisions"}],"predecessor-version":[{"id":3229,"href":"https:\/\/zasp.pl\/wroclaw\/wp-json\/wp\/v2\/posts\/3180\/revisions\/3229"}],"wp:featuredmedia":[{"embeddable":true,"href":"https:\/\/zasp.pl\/wroclaw\/wp-json\/wp\/v2\/media\/3204"}],"wp:attachment":[{"href":"https:\/\/zasp.pl\/wroclaw\/wp-json\/wp\/v2\/media?parent=3180"}],"wp:term":[{"taxonomy":"category","embeddable":true,"href":"https:\/\/zasp.pl\/wroclaw\/wp-json\/wp\/v2\/categories?post=3180"},{"taxonomy":"post_tag","embeddable":true,"href":"https:\/\/zasp.pl\/wroclaw\/wp-json\/wp\/v2\/tags?post=3180"}],"curies":[{"name":"wp","href":"https:\/\/api.w.org\/{rel}","templated":true}]}}