{"id":2107,"date":"2025-04-08T09:38:47","date_gmt":"2025-04-08T07:38:47","guid":{"rendered":"https:\/\/zasp.pl\/wroclaw\/?p=2107"},"modified":"2025-04-08T09:38:47","modified_gmt":"2025-04-08T07:38:47","slug":"wanda-ziembicka-has-na-jubileuszu-50-lecia-pracy-artystycznej-dariusza-skowronskiego","status":"publish","type":"post","link":"https:\/\/zasp.pl\/wroclaw\/2025\/04\/08\/wanda-ziembicka-has-na-jubileuszu-50-lecia-pracy-artystycznej-dariusza-skowronskiego\/","title":{"rendered":"Wanda Ziembicka-Has na jubileuszu 50-lecia pracy artystycznej DARIUSZA SKOWRO\u0143SKIEGO"},"content":{"rendered":"<div class=\"xdj266r x11i5rnm xat24cr x1mh8g0r x1vvkbs x126k92a\">\n<div dir=\"auto\">05.04. 2025 r. &#8211; Teatr Dramatyczny w Wa\u0142brzychu<\/div>\n<div dir=\"auto\">*<\/div>\n<div dir=\"auto\">Wiceprzewodnicz\u0105ca ZASP Oddzia\u0142 we Wroc\u0142awiu Wanda Ziembicka-Has, przekaza\u0142a wyrazy uznania, gratulacje, \u017cyczenia i kwiaty w imieniu Zwi\u0105zku jubilatowi DARIUSZOWI SKOWRO\u0143SKIEMU. Szanowny jubilat obchodzi\u0142a 50 lat pracy artystycznej.<\/div>\n<div dir=\"auto\">Kwiaty dla ca\u0142ego zespo\u0142u aktorskiego odebra\u0142 r\u00f3wnie\u017c od Wanda Ziembicka-Has dyrektor wa\u0142brzyskiego teatru Seb Majewski.<\/div>\n<\/div>\n<div class=\"x11i5rnm xat24cr x1mh8g0r x1vvkbs xtlvy1s x126k92a\">\n<div dir=\"auto\">Tego wieczoru na deskach wa\u0142brzyskiego Teatru Dramatycznego mia\u0142a miejsce premiera przedstawienia \u201eKl\u0105twa\u201d.<\/div>\n<\/div>\n<div class=\"x11i5rnm xat24cr x1mh8g0r x1vvkbs xtlvy1s x126k92a\">\n<div dir=\"auto\">SERDECZNIE GRATULUJEMY JUBILATOWI JUBILEUSZU I PRZESY\u0141AMY \u017bYCZENIA WIELU JESZCZE LAT ARTYSTYCZNEJ PRACY. GRATULUJEMY TAK\u017bE ZESPO\u0141OWI UDANEJ PREMIERY.<\/div>\n<\/div>\n<div class=\"x11i5rnm xat24cr x1mh8g0r x1vvkbs xtlvy1s x126k92a\">\n<div dir=\"auto\">Zdj\u0119cia: Ma\u0142gorzata Wieliczko ( <span class=\"html-span xdj266r x11i5rnm xat24cr x1mh8g0r xexx8yu x4uap5 x18d9i69 xkhd6sd x1hl2dhg x16tdsg8 x1vvkbs\"><a class=\"x1i10hfl xjbqb8w x1ejq31n xd10rxx x1sy0etr x17r0tee x972fbf xcfux6l x1qhh985 xm0m39n x9f619 x1ypdohk xt0psk2 xe8uvvx xdj266r x11i5rnm xat24cr x1mh8g0r xexx8yu x4uap5 x18d9i69 xkhd6sd x16tdsg8 x1hl2dhg xggy1nq x1a2a7pz xkrqix3 x1sur9pj xzsf02u x1s688f\" tabindex=\"0\" role=\"link\" href=\"https:\/\/www.facebook.com\/profile.php?id=100007663002342&amp;__cft__[0]=AZUl7KRGnnpY0IigaXSKsYpPDplcrBh0g2LG98uYKyGsIMcGIlzBma__4BDhaIj1CnGpXG5XEPK6E7fX6tIAfzRIKzYacvssNYheEs0pDDBbretWG8yD42wXnknE_r99e7uw38lW778M6EiSqq_iRvf23-rHOTP5yeAdw24xVmSrDQ&amp;__tn__=-UK-R\">https:\/\/www.facebook.com\/profile.php?id=100007663002342<\/a><\/span> )<\/div>\n<\/div>\n<div dir=\"auto\"><\/div>\n<div dir=\"auto\">\n<div id='gallery-1' class='gallery galleryid-2107 gallery-columns-3 gallery-size-medium'><figure class='gallery-item'>\n\t\t\t<div class='gallery-icon landscape'>\n\t\t\t\t<a href='https:\/\/zasp.pl\/wroclaw\/2025\/04\/08\/wanda-ziembicka-has-na-jubileuszu-50-lecia-pracy-artystycznej-dariusza-skowronskiego\/489327056_3875381649393897_6169955637349195116_n\/'><img decoding=\"async\" width=\"300\" height=\"165\" src=\"https:\/\/zasp.pl\/wroclaw\/wp-content\/uploads\/2025\/04\/489327056_3875381649393897_6169955637349195116_n-300x165.jpg\" class=\"attachment-medium size-medium\" alt=\"\" srcset=\"https:\/\/zasp.pl\/wroclaw\/wp-content\/uploads\/2025\/04\/489327056_3875381649393897_6169955637349195116_n-300x165.jpg 300w, https:\/\/zasp.pl\/wroclaw\/wp-content\/uploads\/2025\/04\/489327056_3875381649393897_6169955637349195116_n.jpg 644w\" sizes=\"(max-width: 300px) 100vw, 300px\" \/><\/a>\n\t\t\t<\/div><\/figure><figure class='gallery-item'>\n\t\t\t<div class='gallery-icon landscape'>\n\t\t\t\t<a href='https:\/\/zasp.pl\/wroclaw\/2025\/04\/08\/wanda-ziembicka-has-na-jubileuszu-50-lecia-pracy-artystycznej-dariusza-skowronskiego\/489030449_3875381559393906_1100885419240231098_n\/'><img fetchpriority=\"high\" decoding=\"async\" width=\"300\" height=\"225\" src=\"https:\/\/zasp.pl\/wroclaw\/wp-content\/uploads\/2025\/04\/489030449_3875381559393906_1100885419240231098_n-300x225.jpg\" class=\"attachment-medium size-medium\" alt=\"\" srcset=\"https:\/\/zasp.pl\/wroclaw\/wp-content\/uploads\/2025\/04\/489030449_3875381559393906_1100885419240231098_n-300x225.jpg 300w, https:\/\/zasp.pl\/wroclaw\/wp-content\/uploads\/2025\/04\/489030449_3875381559393906_1100885419240231098_n-1024x768.jpg 1024w, https:\/\/zasp.pl\/wroclaw\/wp-content\/uploads\/2025\/04\/489030449_3875381559393906_1100885419240231098_n-768x576.jpg 768w, https:\/\/zasp.pl\/wroclaw\/wp-content\/uploads\/2025\/04\/489030449_3875381559393906_1100885419240231098_n.jpg 1500w\" sizes=\"(max-width: 300px) 100vw, 300px\" \/><\/a>\n\t\t\t<\/div><\/figure><figure class='gallery-item'>\n\t\t\t<div class='gallery-icon landscape'>\n\t\t\t\t<a href='https:\/\/zasp.pl\/wroclaw\/2025\/04\/08\/wanda-ziembicka-has-na-jubileuszu-50-lecia-pracy-artystycznej-dariusza-skowronskiego\/488966657_3875381579393904_657756987182511637_n\/'><img decoding=\"async\" width=\"300\" height=\"225\" src=\"https:\/\/zasp.pl\/wroclaw\/wp-content\/uploads\/2025\/04\/488966657_3875381579393904_657756987182511637_n-300x225.jpg\" class=\"attachment-medium size-medium\" alt=\"\" srcset=\"https:\/\/zasp.pl\/wroclaw\/wp-content\/uploads\/2025\/04\/488966657_3875381579393904_657756987182511637_n-300x225.jpg 300w, https:\/\/zasp.pl\/wroclaw\/wp-content\/uploads\/2025\/04\/488966657_3875381579393904_657756987182511637_n-1024x768.jpg 1024w, https:\/\/zasp.pl\/wroclaw\/wp-content\/uploads\/2025\/04\/488966657_3875381579393904_657756987182511637_n-768x576.jpg 768w, https:\/\/zasp.pl\/wroclaw\/wp-content\/uploads\/2025\/04\/488966657_3875381579393904_657756987182511637_n-1536x1152.jpg 1536w, https:\/\/zasp.pl\/wroclaw\/wp-content\/uploads\/2025\/04\/488966657_3875381579393904_657756987182511637_n.jpg 2000w\" sizes=\"(max-width: 300px) 100vw, 300px\" \/><\/a>\n\t\t\t<\/div><\/figure><figure class='gallery-item'>\n\t\t\t<div class='gallery-icon landscape'>\n\t\t\t\t<a href='https:\/\/zasp.pl\/wroclaw\/2025\/04\/08\/wanda-ziembicka-has-na-jubileuszu-50-lecia-pracy-artystycznej-dariusza-skowronskiego\/488619642_3875381622727233_2068756675559790776_n\/'><img loading=\"lazy\" decoding=\"async\" width=\"300\" height=\"239\" src=\"https:\/\/zasp.pl\/wroclaw\/wp-content\/uploads\/2025\/04\/488619642_3875381622727233_2068756675559790776_n-300x239.jpg\" class=\"attachment-medium size-medium\" alt=\"\" srcset=\"https:\/\/zasp.pl\/wroclaw\/wp-content\/uploads\/2025\/04\/488619642_3875381622727233_2068756675559790776_n-300x239.jpg 300w, https:\/\/zasp.pl\/wroclaw\/wp-content\/uploads\/2025\/04\/488619642_3875381622727233_2068756675559790776_n-1024x817.jpg 1024w, https:\/\/zasp.pl\/wroclaw\/wp-content\/uploads\/2025\/04\/488619642_3875381622727233_2068756675559790776_n-768x613.jpg 768w, https:\/\/zasp.pl\/wroclaw\/wp-content\/uploads\/2025\/04\/488619642_3875381622727233_2068756675559790776_n-1536x1225.jpg 1536w, https:\/\/zasp.pl\/wroclaw\/wp-content\/uploads\/2025\/04\/488619642_3875381622727233_2068756675559790776_n.jpg 1800w\" sizes=\"(max-width: 300px) 100vw, 300px\" \/><\/a>\n\t\t\t<\/div><\/figure><figure class='gallery-item'>\n\t\t\t<div class='gallery-icon portrait'>\n\t\t\t\t<a href='https:\/\/zasp.pl\/wroclaw\/2025\/04\/08\/wanda-ziembicka-has-na-jubileuszu-50-lecia-pracy-artystycznej-dariusza-skowronskiego\/488395234_3875381689393893_8246643674395393101_n\/'><img loading=\"lazy\" decoding=\"async\" width=\"187\" height=\"300\" src=\"https:\/\/zasp.pl\/wroclaw\/wp-content\/uploads\/2025\/04\/488395234_3875381689393893_8246643674395393101_n-187x300.jpg\" class=\"attachment-medium size-medium\" alt=\"\" srcset=\"https:\/\/zasp.pl\/wroclaw\/wp-content\/uploads\/2025\/04\/488395234_3875381689393893_8246643674395393101_n-187x300.jpg 187w, https:\/\/zasp.pl\/wroclaw\/wp-content\/uploads\/2025\/04\/488395234_3875381689393893_8246643674395393101_n-639x1024.jpg 639w, https:\/\/zasp.pl\/wroclaw\/wp-content\/uploads\/2025\/04\/488395234_3875381689393893_8246643674395393101_n-768x1231.jpg 768w, https:\/\/zasp.pl\/wroclaw\/wp-content\/uploads\/2025\/04\/488395234_3875381689393893_8246643674395393101_n-959x1536.jpg 959w, https:\/\/zasp.pl\/wroclaw\/wp-content\/uploads\/2025\/04\/488395234_3875381689393893_8246643674395393101_n.jpg 1278w\" sizes=\"(max-width: 187px) 100vw, 187px\" \/><\/a>\n\t\t\t<\/div><\/figure>\n\t\t<\/div>\n\n<\/div>\n","protected":false},"excerpt":{"rendered":"<p>05.04. 2025 r. &#8211; Teatr Dramatyczny w Wa\u0142brzychu * Wiceprzewodnicz\u0105ca ZASP Oddzia\u0142 we Wroc\u0142awiu Wanda Ziembicka-Has, przekaza\u0142a wyrazy uznania, gratulacje, \u017cyczenia i kwiaty w imieniu Zwi\u0105zku jubilatowi DARIUSZOWI SKOWRO\u0143SKIEMU. Szanowny jubilat obchodzi\u0142a 50 lat pracy artystycznej. Kwiaty dla ca\u0142ego zespo\u0142u aktorskiego odebra\u0142 r\u00f3wnie\u017c od Wanda Ziembicka-Has dyrektor wa\u0142brzyskiego teatru Seb Majewski. Tego wieczoru na deskach [&hellip;]<\/p>\n","protected":false},"author":2,"featured_media":2109,"comment_status":"open","ping_status":"closed","sticky":false,"template":"","format":"standard","meta":{"_acf_changed":false,"_exactmetrics_skip_tracking":false,"_exactmetrics_sitenote_active":false,"_exactmetrics_sitenote_note":"","_exactmetrics_sitenote_category":0,"footnotes":""},"categories":[11],"tags":[],"class_list":["post-2107","post","type-post","status-publish","format-standard","has-post-thumbnail","hentry","category-wydarzenia"],"acf":[],"_links":{"self":[{"href":"https:\/\/zasp.pl\/wroclaw\/wp-json\/wp\/v2\/posts\/2107","targetHints":{"allow":["GET"]}}],"collection":[{"href":"https:\/\/zasp.pl\/wroclaw\/wp-json\/wp\/v2\/posts"}],"about":[{"href":"https:\/\/zasp.pl\/wroclaw\/wp-json\/wp\/v2\/types\/post"}],"author":[{"embeddable":true,"href":"https:\/\/zasp.pl\/wroclaw\/wp-json\/wp\/v2\/users\/2"}],"replies":[{"embeddable":true,"href":"https:\/\/zasp.pl\/wroclaw\/wp-json\/wp\/v2\/comments?post=2107"}],"version-history":[{"count":1,"href":"https:\/\/zasp.pl\/wroclaw\/wp-json\/wp\/v2\/posts\/2107\/revisions"}],"predecessor-version":[{"id":2113,"href":"https:\/\/zasp.pl\/wroclaw\/wp-json\/wp\/v2\/posts\/2107\/revisions\/2113"}],"wp:featuredmedia":[{"embeddable":true,"href":"https:\/\/zasp.pl\/wroclaw\/wp-json\/wp\/v2\/media\/2109"}],"wp:attachment":[{"href":"https:\/\/zasp.pl\/wroclaw\/wp-json\/wp\/v2\/media?parent=2107"}],"wp:term":[{"taxonomy":"category","embeddable":true,"href":"https:\/\/zasp.pl\/wroclaw\/wp-json\/wp\/v2\/categories?post=2107"},{"taxonomy":"post_tag","embeddable":true,"href":"https:\/\/zasp.pl\/wroclaw\/wp-json\/wp\/v2\/tags?post=2107"}],"curies":[{"name":"wp","href":"https:\/\/api.w.org\/{rel}","templated":true}]}}